{"id":2548,"date":"2019-06-27T12:57:24","date_gmt":"2019-06-27T16:57:24","guid":{"rendered":"http:\/\/traviesoevans.com\/?p=2548"},"modified":"2022-05-12T15:52:34","modified_gmt":"2022-05-12T19:52:34","slug":"alerta-prorroga-hasta-el-31-08-2019-para-liquidar-y-pagar-aporte-al-fonacit-junio-27-2019","status":"publish","type":"post","link":"https:\/\/www.traviesoevans.com\/travieso\/alerta-prorroga-hasta-el-31-08-2019-para-liquidar-y-pagar-aporte-al-fonacit-junio-27-2019\/","title":{"rendered":"PR\u00d3RROGA PARA LA LIQUIDACI\u00d3N Y PAGO DEL APORTE PARA LA CIENCIA Y TECNOLOG\u00cdA &#8211; Jun 27 2019"},"content":{"rendered":"<p style=\"text-align: center;\"><strong><img decoding=\"async\" loading=\"lazy\" class=\"alignnone wp-image-3878 size-full\" src=\"https:\/\/www.traviesoevans.com\/travieso\/wp-content\/uploads\/2021\/03\/Alertas.jpg\" alt=\"\" width=\"815\" height=\"135\" srcset=\"https:\/\/www.traviesoevans.com\/travieso\/wp-content\/uploads\/2021\/03\/Alertas.jpg 815w, https:\/\/www.traviesoevans.com\/travieso\/wp-content\/uploads\/2021\/03\/Alertas-300x50.jpg 300w, https:\/\/www.traviesoevans.com\/travieso\/wp-content\/uploads\/2021\/03\/Alertas-768x127.jpg 768w\" sizes=\"(max-width: 815px) 100vw, 815px\" \/><\/strong><\/p>\n<p style=\"text-align: center;\"><strong>PR\u00d3RROGA PARA LA LIQUIDACI\u00d3N Y PAGO DEL APORTE PARA LA CIENCIA Y TECNOLOG\u00cdA<\/strong><\/p>\n<p>&nbsp;<\/p>\n<p>En la Gaceta Oficial No. 41.663 del 27 de junio de 2019, qued\u00f3 publicada la Providencia Administrativa No. 015-030 de fecha 10 de junio de 2019 (\u201cla Providencia\u201d) dictada por el Directorio del Fondo Nacional de Ciencia, Tecnolog\u00eda e Innovaci\u00f3n (\u201cFONACIT\u201d), mediante la cual se prorrog\u00f3 hasta el 31 de agosto de 2019 el plazo para que los aportantes para la ciencia, la tecnolog\u00eda, la innovaci\u00f3n y sus aplicaciones, cuyo ejercicio<br \/>\nfiscal este comprendido desde el 01 de enero de 2018 hasta el 31 de diciembre de 2018, liquiden y paguen ante el FONACIT el aporte correspondiente.<\/p>\n<p>La Providencia entr\u00f3 en vigencia el 27 de junio de 2019.<\/p>\n<p>Para tener acceso a la Providencia, haga clic <a href=\"http:\/\/www.traviesoevans.com\/memos\/GO-41663-27--junio-2019-FONACIT-prorroga.para-liquidacion-pago-aporte-ciencia-tecnologia.pdf\" target=\"_blank\" rel=\"noopener\">aqu\u00ed<\/a>.<\/p>\n<p>Si tiene alguna pregunta o comentario al respecto o si requiere m\u00e1s informaci\u00f3n, por favor comun\u00edquese v\u00eda e-mail con el socio encargado de su cuenta.<\/p>\n","protected":false},"excerpt":{"rendered":"<p>PR\u00d3RROGA PARA LA LIQUIDACI\u00d3N Y PAGO DEL APORTE PARA LA CIENCIA Y TECNOLOG\u00cdA &nbsp; En la Gaceta Oficial No. 41.663 del 27 de junio de 2019, qued\u00f3 publicada la Providencia Administrativa No. 015-030 de fecha 10 de junio de 2019 (\u201cla Providencia\u201d) dictada por el Directorio del Fondo Nacional de Ciencia, Tecnolog\u00eda e Innovaci\u00f3n (\u201cFONACIT\u201d),&hellip;<\/p>\n","protected":false},"author":2,"featured_media":0,"comment_status":"closed","ping_status":"open","sticky":false,"template":"","format":"standard","meta":[],"categories":[94,74,102],"tags":[],"yoast_head":"<!-- This site is optimized with the Yoast SEO plugin v20.1 - https:\/\/yoast.com\/wordpress\/plugins\/seo\/ -->\n<title>PR\u00d3RROGA PARA LA LIQUIDACI\u00d3N Y PAGO DEL APORTE PARA LA CIENCIA Y TECNOLOG\u00cdA - Jun 27 2019 - Travieso Evans Arria &amp; Rengel<\/title>\n<meta name=\"description\" content=\"Travieso Evans Arria &amp; Rengel PR\u00d3RROGA PARA LA LIQUIDACI\u00d3N Y PAGO DEL APORTE PARA LA CIENCIA Y TECNOLOG\u00cdA - Jun 27 2019 2019\" \/>\n<meta name=\"robots\" content=\"index, follow, max-snippet:-1, max-image-preview:large, max-video-preview:-1\" \/>\n<link rel=\"canonical\" href=\"https:\/\/www.traviesoevans.com\/travieso\/alerta-prorroga-hasta-el-31-08-2019-para-liquidar-y-pagar-aporte-al-fonacit-junio-27-2019\/\" \/>\n<meta property=\"og:locale\" content=\"es_ES\" \/>\n<meta property=\"og:type\" content=\"article\" \/>\n<meta property=\"og:title\" content=\"PR\u00d3RROGA PARA LA LIQUIDACI\u00d3N Y PAGO DEL APORTE PARA LA CIENCIA Y TECNOLOG\u00cdA - Jun 27 2019 - Travieso Evans Arria &amp; Rengel\" \/>\n<meta property=\"og:description\" content=\"Travieso Evans Arria &amp; Rengel PR\u00d3RROGA PARA LA LIQUIDACI\u00d3N Y PAGO DEL APORTE PARA LA CIENCIA Y TECNOLOG\u00cdA - Jun 27 2019 2019\" \/>\n<meta property=\"og:url\" content=\"https:\/\/www.traviesoevans.com\/travieso\/alerta-prorroga-hasta-el-31-08-2019-para-liquidar-y-pagar-aporte-al-fonacit-junio-27-2019\/\" \/>\n<meta property=\"og:site_name\" content=\"Travieso Evans Arria &amp; Rengel\" \/>\n<meta property=\"article:published_time\" content=\"2019-06-27T16:57:24+00:00\" \/>\n<meta property=\"article:modified_time\" content=\"2022-05-12T19:52:34+00:00\" \/>\n<meta property=\"og:image\" content=\"https:\/\/www.traviesoevans.com\/travieso\/wp-content\/uploads\/2021\/03\/Alertas.jpg\" \/>\n<meta name=\"author\" content=\"TraviesoEvans\" \/>\n<meta name=\"twitter:card\" content=\"summary_large_image\" \/>\n<meta name=\"twitter:creator\" content=\"@traviesoevans\" \/>\n<meta name=\"twitter:site\" content=\"@traviesoevans\" \/>\n<meta name=\"twitter:label1\" content=\"Escrito por\" \/>\n\t<meta name=\"twitter:data1\" content=\"TraviesoEvans\" \/>\n\t<meta name=\"twitter:label2\" content=\"Tiempo estimado de lectura\" \/>\n\t<meta name=\"twitter:data2\" content=\"1 minuto\" \/>\n<script type=\"application\/ld+json\" class=\"yoast-schema-graph\">{\"@context\":\"https:\/\/schema.org\",\"@graph\":[{\"@type\":\"Article\",\"@id\":\"https:\/\/www.traviesoevans.com\/travieso\/alerta-prorroga-hasta-el-31-08-2019-para-liquidar-y-pagar-aporte-al-fonacit-junio-27-2019\/#article\",\"isPartOf\":{\"@id\":\"https:\/\/www.traviesoevans.com\/travieso\/alerta-prorroga-hasta-el-31-08-2019-para-liquidar-y-pagar-aporte-al-fonacit-junio-27-2019\/\"},\"author\":{\"name\":\"TraviesoEvans\",\"@id\":\"https:\/\/www.traviesoevans.com\/travieso\/#\/schema\/person\/ae8d8664ee7a06047479a280119e0fc0\"},\"headline\":\"PR\u00d3RROGA PARA LA LIQUIDACI\u00d3N Y PAGO DEL APORTE PARA LA CIENCIA Y TECNOLOG\u00cdA &#8211; Jun 27 2019\",\"datePublished\":\"2019-06-27T16:57:24+00:00\",\"dateModified\":\"2022-05-12T19:52:34+00:00\",\"mainEntityOfPage\":{\"@id\":\"https:\/\/www.traviesoevans.com\/travieso\/alerta-prorroga-hasta-el-31-08-2019-para-liquidar-y-pagar-aporte-al-fonacit-junio-27-2019\/\"},\"wordCount\":172,\"publisher\":{\"@id\":\"https:\/\/www.traviesoevans.com\/travieso\/#organization\"},\"articleSection\":[\"2019\",\"Alertas\",\"Junio 2019\"],\"inLanguage\":\"es\"},{\"@type\":\"WebPage\",\"@id\":\"https:\/\/www.traviesoevans.com\/travieso\/alerta-prorroga-hasta-el-31-08-2019-para-liquidar-y-pagar-aporte-al-fonacit-junio-27-2019\/\",\"url\":\"https:\/\/www.traviesoevans.com\/travieso\/alerta-prorroga-hasta-el-31-08-2019-para-liquidar-y-pagar-aporte-al-fonacit-junio-27-2019\/\",\"name\":\"PR\u00d3RROGA PARA LA LIQUIDACI\u00d3N Y PAGO DEL APORTE PARA LA CIENCIA Y TECNOLOG\u00cdA - Jun 27 2019 - Travieso Evans Arria &amp; Rengel\",\"isPartOf\":{\"@id\":\"https:\/\/www.traviesoevans.com\/travieso\/#website\"},\"datePublished\":\"2019-06-27T16:57:24+00:00\",\"dateModified\":\"2022-05-12T19:52:34+00:00\",\"description\":\"Travieso Evans Arria &amp; Rengel PR\u00d3RROGA PARA LA LIQUIDACI\u00d3N Y PAGO DEL APORTE PARA LA CIENCIA Y TECNOLOG\u00cdA - Jun 27 2019 2019\",\"breadcrumb\":{\"@id\":\"https:\/\/www.traviesoevans.com\/travieso\/alerta-prorroga-hasta-el-31-08-2019-para-liquidar-y-pagar-aporte-al-fonacit-junio-27-2019\/#breadcrumb\"},\"inLanguage\":\"es\",\"potentialAction\":[{\"@type\":\"ReadAction\",\"target\":[\"https:\/\/www.traviesoevans.com\/travieso\/alerta-prorroga-hasta-el-31-08-2019-para-liquidar-y-pagar-aporte-al-fonacit-junio-27-2019\/\"]}]},{\"@type\":\"BreadcrumbList\",\"@id\":\"https:\/\/www.traviesoevans.com\/travieso\/alerta-prorroga-hasta-el-31-08-2019-para-liquidar-y-pagar-aporte-al-fonacit-junio-27-2019\/#breadcrumb\",\"itemListElement\":[{\"@type\":\"ListItem\",\"position\":1,\"name\":\"Cover page\",\"item\":\"https:\/\/www.traviesoevans.com\/travieso\/\"},{\"@type\":\"ListItem\",\"position\":2,\"name\":\"PR\u00d3RROGA PARA LA LIQUIDACI\u00d3N Y PAGO DEL APORTE PARA LA CIENCIA Y TECNOLOG\u00cdA &#8211; Jun 27 2019\"}]},{\"@type\":\"WebSite\",\"@id\":\"https:\/\/www.traviesoevans.com\/travieso\/#website\",\"url\":\"https:\/\/www.traviesoevans.com\/travieso\/\",\"name\":\"Travieso Evans Arria & Rengel\",\"description\":\"La Firma de Abogados de Venezuela.\",\"publisher\":{\"@id\":\"https:\/\/www.traviesoevans.com\/travieso\/#organization\"},\"potentialAction\":[{\"@type\":\"SearchAction\",\"target\":{\"@type\":\"EntryPoint\",\"urlTemplate\":\"https:\/\/www.traviesoevans.com\/travieso\/?s={search_term_string}\"},\"query-input\":\"required name=search_term_string\"}],\"inLanguage\":\"es\"},{\"@type\":\"Organization\",\"@id\":\"https:\/\/www.traviesoevans.com\/travieso\/#organization\",\"name\":\"T&E Travieso Evans Arria & Rengel\",\"url\":\"https:\/\/www.traviesoevans.com\/travieso\/\",\"logo\":{\"@type\":\"ImageObject\",\"inLanguage\":\"es\",\"@id\":\"https:\/\/www.traviesoevans.com\/travieso\/#\/schema\/logo\/image\/\",\"url\":\"https:\/\/www.traviesoevans.com\/travieso\/wp-content\/uploads\/2020\/05\/logo-travieso-login.png\",\"contentUrl\":\"https:\/\/www.traviesoevans.com\/travieso\/wp-content\/uploads\/2020\/05\/logo-travieso-login.png\",\"width\":84,\"height\":84,\"caption\":\"T&E Travieso Evans Arria & Rengel\"},\"image\":{\"@id\":\"https:\/\/www.traviesoevans.com\/travieso\/#\/schema\/logo\/image\/\"},\"sameAs\":[\"https:\/\/twitter.com\/traviesoevans\",\"https:\/\/www.instagram.com\/traviesoevans\/\",\"https:\/\/www.linkedin.com\/in\/travieso-evans-800302172\/\"]},{\"@type\":\"Person\",\"@id\":\"https:\/\/www.traviesoevans.com\/travieso\/#\/schema\/person\/ae8d8664ee7a06047479a280119e0fc0\",\"name\":\"TraviesoEvans\",\"image\":{\"@type\":\"ImageObject\",\"inLanguage\":\"es\",\"@id\":\"https:\/\/www.traviesoevans.com\/travieso\/#\/schema\/person\/image\/\",\"url\":\"https:\/\/secure.gravatar.com\/avatar\/8a6bcd626f3120b138dd8c1a9b30bacf?s=96&d=mm&r=g\",\"contentUrl\":\"https:\/\/secure.gravatar.com\/avatar\/8a6bcd626f3120b138dd8c1a9b30bacf?s=96&d=mm&r=g\",\"caption\":\"TraviesoEvans\"},\"url\":\"https:\/\/www.traviesoevans.com\/travieso\/author\/traviesoevans\/\"}]}<\/script>\n<!-- \/ Yoast SEO plugin. -->","yoast_head_json":{"title":"PR\u00d3RROGA PARA LA LIQUIDACI\u00d3N Y PAGO DEL APORTE PARA LA CIENCIA Y TECNOLOG\u00cdA - Jun 27 2019 - Travieso Evans Arria &amp; Rengel","description":"Travieso Evans Arria &amp; Rengel PR\u00d3RROGA PARA LA LIQUIDACI\u00d3N Y PAGO DEL APORTE PARA LA CIENCIA Y TECNOLOG\u00cdA - Jun 27 2019 2019","robots":{"index":"index","follow":"follow","max-snippet":"max-snippet:-1","max-image-preview":"max-image-preview:large","max-video-preview":"max-video-preview:-1"},"canonical":"https:\/\/www.traviesoevans.com\/travieso\/alerta-prorroga-hasta-el-31-08-2019-para-liquidar-y-pagar-aporte-al-fonacit-junio-27-2019\/","og_locale":"es_ES","og_type":"article","og_title":"PR\u00d3RROGA PARA LA LIQUIDACI\u00d3N Y PAGO DEL APORTE PARA LA CIENCIA Y TECNOLOG\u00cdA - Jun 27 2019 - Travieso Evans Arria &amp; Rengel","og_description":"Travieso Evans Arria &amp; Rengel PR\u00d3RROGA PARA LA LIQUIDACI\u00d3N Y PAGO DEL APORTE PARA LA CIENCIA Y TECNOLOG\u00cdA - Jun 27 2019 2019","og_url":"https:\/\/www.traviesoevans.com\/travieso\/alerta-prorroga-hasta-el-31-08-2019-para-liquidar-y-pagar-aporte-al-fonacit-junio-27-2019\/","og_site_name":"Travieso Evans Arria &amp; Rengel","article_published_time":"2019-06-27T16:57:24+00:00","article_modified_time":"2022-05-12T19:52:34+00:00","og_image":[{"url":"https:\/\/www.traviesoevans.com\/travieso\/wp-content\/uploads\/2021\/03\/Alertas.jpg"}],"author":"TraviesoEvans","twitter_card":"summary_large_image","twitter_creator":"@traviesoevans","twitter_site":"@traviesoevans","twitter_misc":{"Escrito por":"TraviesoEvans","Tiempo estimado de lectura":"1 minuto"},"schema":{"@context":"https:\/\/schema.org","@graph":[{"@type":"Article","@id":"https:\/\/www.traviesoevans.com\/travieso\/alerta-prorroga-hasta-el-31-08-2019-para-liquidar-y-pagar-aporte-al-fonacit-junio-27-2019\/#article","isPartOf":{"@id":"https:\/\/www.traviesoevans.com\/travieso\/alerta-prorroga-hasta-el-31-08-2019-para-liquidar-y-pagar-aporte-al-fonacit-junio-27-2019\/"},"author":{"name":"TraviesoEvans","@id":"https:\/\/www.traviesoevans.com\/travieso\/#\/schema\/person\/ae8d8664ee7a06047479a280119e0fc0"},"headline":"PR\u00d3RROGA PARA LA LIQUIDACI\u00d3N Y PAGO DEL APORTE PARA LA CIENCIA Y TECNOLOG\u00cdA &#8211; Jun 27 2019","datePublished":"2019-06-27T16:57:24+00:00","dateModified":"2022-05-12T19:52:34+00:00","mainEntityOfPage":{"@id":"https:\/\/www.traviesoevans.com\/travieso\/alerta-prorroga-hasta-el-31-08-2019-para-liquidar-y-pagar-aporte-al-fonacit-junio-27-2019\/"},"wordCount":172,"publisher":{"@id":"https:\/\/www.traviesoevans.com\/travieso\/#organization"},"articleSection":["2019","Alertas","Junio 2019"],"inLanguage":"es"},{"@type":"WebPage","@id":"https:\/\/www.traviesoevans.com\/travieso\/alerta-prorroga-hasta-el-31-08-2019-para-liquidar-y-pagar-aporte-al-fonacit-junio-27-2019\/","url":"https:\/\/www.traviesoevans.com\/travieso\/alerta-prorroga-hasta-el-31-08-2019-para-liquidar-y-pagar-aporte-al-fonacit-junio-27-2019\/","name":"PR\u00d3RROGA PARA LA LIQUIDACI\u00d3N Y PAGO DEL APORTE PARA LA CIENCIA Y TECNOLOG\u00cdA - Jun 27 2019 - Travieso Evans Arria &amp; Rengel","isPartOf":{"@id":"https:\/\/www.traviesoevans.com\/travieso\/#website"},"datePublished":"2019-06-27T16:57:24+00:00","dateModified":"2022-05-12T19:52:34+00:00","description":"Travieso Evans Arria &amp; Rengel PR\u00d3RROGA PARA LA LIQUIDACI\u00d3N Y PAGO DEL APORTE PARA LA CIENCIA Y TECNOLOG\u00cdA - Jun 27 2019 2019","breadcrumb":{"@id":"https:\/\/www.traviesoevans.com\/travieso\/alerta-prorroga-hasta-el-31-08-2019-para-liquidar-y-pagar-aporte-al-fonacit-junio-27-2019\/#breadcrumb"},"inLanguage":"es","potentialAction":[{"@type":"ReadAction","target":["https:\/\/www.traviesoevans.com\/travieso\/alerta-prorroga-hasta-el-31-08-2019-para-liquidar-y-pagar-aporte-al-fonacit-junio-27-2019\/"]}]},{"@type":"BreadcrumbList","@id":"https:\/\/www.traviesoevans.com\/travieso\/alerta-prorroga-hasta-el-31-08-2019-para-liquidar-y-pagar-aporte-al-fonacit-junio-27-2019\/#breadcrumb","itemListElement":[{"@type":"ListItem","position":1,"name":"Cover page","item":"https:\/\/www.traviesoevans.com\/travieso\/"},{"@type":"ListItem","position":2,"name":"PR\u00d3RROGA PARA LA LIQUIDACI\u00d3N Y PAGO DEL APORTE PARA LA CIENCIA Y TECNOLOG\u00cdA &#8211; Jun 27 2019"}]},{"@type":"WebSite","@id":"https:\/\/www.traviesoevans.com\/travieso\/#website","url":"https:\/\/www.traviesoevans.com\/travieso\/","name":"Travieso Evans Arria & Rengel","description":"La Firma de Abogados de Venezuela.","publisher":{"@id":"https:\/\/www.traviesoevans.com\/travieso\/#organization"},"potentialAction":[{"@type":"SearchAction","target":{"@type":"EntryPoint","urlTemplate":"https:\/\/www.traviesoevans.com\/travieso\/?s={search_term_string}"},"query-input":"required name=search_term_string"}],"inLanguage":"es"},{"@type":"Organization","@id":"https:\/\/www.traviesoevans.com\/travieso\/#organization","name":"T&E Travieso Evans Arria & Rengel","url":"https:\/\/www.traviesoevans.com\/travieso\/","logo":{"@type":"ImageObject","inLanguage":"es","@id":"https:\/\/www.traviesoevans.com\/travieso\/#\/schema\/logo\/image\/","url":"https:\/\/www.traviesoevans.com\/travieso\/wp-content\/uploads\/2020\/05\/logo-travieso-login.png","contentUrl":"https:\/\/www.traviesoevans.com\/travieso\/wp-content\/uploads\/2020\/05\/logo-travieso-login.png","width":84,"height":84,"caption":"T&E Travieso Evans Arria & Rengel"},"image":{"@id":"https:\/\/www.traviesoevans.com\/travieso\/#\/schema\/logo\/image\/"},"sameAs":["https:\/\/twitter.com\/traviesoevans","https:\/\/www.instagram.com\/traviesoevans\/","https:\/\/www.linkedin.com\/in\/travieso-evans-800302172\/"]},{"@type":"Person","@id":"https:\/\/www.traviesoevans.com\/travieso\/#\/schema\/person\/ae8d8664ee7a06047479a280119e0fc0","name":"TraviesoEvans","image":{"@type":"ImageObject","inLanguage":"es","@id":"https:\/\/www.traviesoevans.com\/travieso\/#\/schema\/person\/image\/","url":"https:\/\/secure.gravatar.com\/avatar\/8a6bcd626f3120b138dd8c1a9b30bacf?s=96&d=mm&r=g","contentUrl":"https:\/\/secure.gravatar.com\/avatar\/8a6bcd626f3120b138dd8c1a9b30bacf?s=96&d=mm&r=g","caption":"TraviesoEvans"},"url":"https:\/\/www.traviesoevans.com\/travieso\/author\/traviesoevans\/"}]}},"_links":{"self":[{"href":"https:\/\/www.traviesoevans.com\/travieso\/wp-json\/wp\/v2\/posts\/2548"}],"collection":[{"href":"https:\/\/www.traviesoevans.com\/travieso\/wp-json\/wp\/v2\/posts"}],"about":[{"href":"https:\/\/www.traviesoevans.com\/travieso\/wp-json\/wp\/v2\/types\/post"}],"author":[{"embeddable":true,"href":"https:\/\/www.traviesoevans.com\/travieso\/wp-json\/wp\/v2\/users\/2"}],"replies":[{"embeddable":true,"href":"https:\/\/www.traviesoevans.com\/travieso\/wp-json\/wp\/v2\/comments?post=2548"}],"version-history":[{"count":7,"href":"https:\/\/www.traviesoevans.com\/travieso\/wp-json\/wp\/v2\/posts\/2548\/revisions"}],"predecessor-version":[{"id":5733,"href":"https:\/\/www.traviesoevans.com\/travieso\/wp-json\/wp\/v2\/posts\/2548\/revisions\/5733"}],"wp:attachment":[{"href":"https:\/\/www.traviesoevans.com\/travieso\/wp-json\/wp\/v2\/media?parent=2548"}],"wp:term":[{"taxonomy":"category","embeddable":true,"href":"https:\/\/www.traviesoevans.com\/travieso\/wp-json\/wp\/v2\/categories?post=2548"},{"taxonomy":"post_tag","embeddable":true,"href":"https:\/\/www.traviesoevans.com\/travieso\/wp-json\/wp\/v2\/tags?post=2548"}],"curies":[{"name":"wp","href":"https:\/\/api.w.org\/{rel}","templated":true}]}}