{"id":2733,"date":"2020-03-23T13:35:34","date_gmt":"2020-03-23T17:35:34","guid":{"rendered":"http:\/\/www.traviesoevans.com\/?p=2733"},"modified":"2022-05-09T16:37:10","modified_gmt":"2022-05-09T20:37:10","slug":"alerta-suspension-canones-arrendamiento-mar-23-2020","status":"publish","type":"post","link":"https:\/\/www.traviesoevans.com\/travieso\/alerta-suspension-canones-arrendamiento-mar-23-2020\/","title":{"rendered":"SUSPENSI\u00d3N DEL PAGO DE LOS C\u00c1NONES DE ARRENDAMIENTO DE INMUEBLES DE USO COMERCIAL Y VIVIENDA PRINCIPAL &#8211; Mar 23 2020"},"content":{"rendered":"<p style=\"text-align: center;\"><strong><img decoding=\"async\" loading=\"lazy\" class=\"alignnone wp-image-3878 size-full\" src=\"https:\/\/www.traviesoevans.com\/travieso\/wp-content\/uploads\/2021\/03\/Alertas.jpg\" alt=\"\" width=\"815\" height=\"135\" srcset=\"https:\/\/www.traviesoevans.com\/travieso\/wp-content\/uploads\/2021\/03\/Alertas.jpg 815w, https:\/\/www.traviesoevans.com\/travieso\/wp-content\/uploads\/2021\/03\/Alertas-300x50.jpg 300w, https:\/\/www.traviesoevans.com\/travieso\/wp-content\/uploads\/2021\/03\/Alertas-768x127.jpg 768w\" sizes=\"(max-width: 815px) 100vw, 815px\" \/><\/strong><\/p>\n<p style=\"text-align: center;\"><span id=\"page12R_mcid0\" class=\"markedContent\"><\/span><span id=\"page12R_mcid1\" class=\"markedContent\"><\/span><span id=\"page12R_mcid2\" class=\"markedContent\"><\/span><span id=\"page12R_mcid3\" class=\"markedContent\"><\/span><strong><span id=\"page12R_mcid4\" class=\"markedContent\"><span dir=\"ltr\" role=\"presentation\">SUSPENSI\u00d3N DEL PAGO DE LOS C\u00c1NONES DE ARRENDAMIENTO DE<\/span> <span dir=\"ltr\" role=\"presentation\">INMUEBLES DE USO COMERCIAL Y VIVIENDA PRINCIPAL<\/span><\/span><span id=\"page12R_mcid5\" class=\"markedContent\"><\/span><\/strong><span id=\"page12R_mcid6\" class=\"markedContent\"><\/span><\/p>\n<p style=\"text-align: justify;\"><span id=\"page12R_mcid6\" class=\"markedContent\"><br role=\"presentation\" \/><span dir=\"ltr\" role=\"presentation\">En la Gaceta Oficial Extraordinaria No. 6.522 del 23 de marzo de 2020, qued\u00f3 publicado el Decreto No. 4.169<\/span> <span dir=\"ltr\" role=\"presentation\">de fecha 23 de marzo de 2020 (el \u201cDecreto\u201d) dictado por el Presidente de la Rep\u00fabl<\/span><span dir=\"ltr\" role=\"presentation\">ica, donde se dict\u00f3 el<\/span> <span dir=\"ltr\" role=\"presentation\">Decreto No. 03 en el Marco del Estado de Alarma para Atender la Emergencia Sanitaria del Coronavirus<\/span> <span dir=\"ltr\" role=\"presentation\">(COVID-19), mediante el cual se suspende el pago de los c\u00e1nones de arrendamiento de inmuebles de uso<\/span> <span dir=\"ltr\" role=\"presentation\">comercial y de aquellos utilizados como vivienda principal.<\/span><\/span><span id=\"page12R_mcid7\" class=\"markedContent\"><\/span><span id=\"page12R_mcid8\" class=\"markedContent\"><\/span><\/p>\n<p style=\"text-align: justify;\"><span id=\"page12R_mcid8\" class=\"markedContent\"><span dir=\"ltr\" role=\"presentation\">El Decreto establece lo siguiente:<\/span><\/span><span id=\"page12R_mcid9\" class=\"markedContent\"><\/span><span id=\"page12R_mcid10\" class=\"markedContent\"><\/span><\/p>\n<p style=\"padding-left: 40px; text-align: justify;\"><span id=\"page12R_mcid10\" class=\"markedContent\"><span dir=\"ltr\" role=\"presentation\">a)<\/span> <span dir=\"ltr\" role=\"presentation\">Se suspende desde su entrada en vigencia hasta el 1 de septiembre de 2020, el pago de los c\u00e1nones de<\/span> <span dir=\"ltr\" role=\"presentation\">arrendamiento de inmuebles de uso comercial y de aquellos inmuebles que sean utilizados como<\/span> <span dir=\"ltr\" role=\"presentation\">vivienda principal, con el fin de aliviar la situaci\u00f3n econ\u00f3mica de los arrendatarios por efecto de la<\/span> <span dir=\"ltr\" role=\"presentation\">pandemia mundial del Coronavirus (COVID-19). Durante el per\u00edodo previsto, no resultar\u00e1n exigibles los<\/span> <span dir=\"ltr\" role=\"presentation\">c\u00e1nones de arrendamiento que correspondan, ni aquellos c\u00e1nones vencidos a la fecha a\u00fan no pagados, ni<\/span> <span dir=\"ltr\" role=\"presentation\">tampoco<\/span> <span dir=\"ltr\" role=\"presentation\">cualesquiera<\/span> <span dir=\"ltr\" role=\"presentation\">otros<\/span> <span dir=\"ltr\" role=\"presentation\">conceptos<\/span> <span dir=\"ltr\" role=\"presentation\">pecuniarios<\/span> <span dir=\"ltr\" role=\"presentation\">acordados<\/span> <span dir=\"ltr\" role=\"presentation\">en<\/span> <span dir=\"ltr\" role=\"presentation\">los<\/span> <span dir=\"ltr\" role=\"presentation\">respectivos<\/span> <span dir=\"ltr\" role=\"presentation\">contratos<\/span> <span dir=\"ltr\" role=\"presentation\">de<\/span> <span dir=\"ltr\" role=\"presentation\">arrendamiento inmobiliario.<\/span><\/span><span id=\"page12R_mcid11\" class=\"markedContent\"><\/span><\/p>\n<p style=\"padding-left: 40px; text-align: justify;\"><span id=\"page12R_mcid11\" class=\"markedContent\"><span dir=\"ltr\" role=\"presentation\">b)<\/span> <span dir=\"ltr\" role=\"presentation\">Queda suspendida por un lapso de hasta seis (6) meses, contados a partir de la publicaci\u00f3n del Decreto la<\/span> <span dir=\"ltr\" role=\"presentation\">aplicaci\u00f3n: (i) del art\u00edculo 91 de la Ley para la Regularizaci\u00f3n y Control de los Arrendamientos de<\/span> <span dir=\"ltr\" role=\"presentation\">Vivienda, el cual versa sobre las causales de desalojo de vivienda; y, (ii) de la causal de desalojo por<\/span> <span dir=\"ltr\" role=\"presentation\">falta de pago de c\u00e1nones y cuotas de condominio o gastos comunes consecutivos, prevista en el literal<\/span> <span dir=\"ltr\" role=\"presentation\">\u201ca\u201d del art\u00edculo 40 del Decreto con Rango, Valor y Fuerza de Ley de Regulaci\u00f3n del Arrendamiento<\/span> <span dir=\"ltr\" role=\"presentation\">Inmobiliario para el Uso Comercial.<\/span><\/span><span id=\"page12R_mcid12\" class=\"markedContent\"><\/span><\/p>\n<p style=\"padding-left: 40px; text-align: justify;\"><span id=\"page12R_mcid12\" class=\"markedContent\"><span dir=\"ltr\" role=\"presentation\">c)<\/span> <span dir=\"ltr\" role=\"presentation\">Las partes de los respectivos contratos de arrendamiento podr\u00e1n acordar de mutuo acuerdo, t\u00e9rminos<\/span> <span dir=\"ltr\" role=\"presentation\">especiales de la relaci\u00f3n arrendaticia en el plazo a que se refiere el Decreto a los fines de adaptarla a la<\/span> <span dir=\"ltr\" role=\"presentation\">suspensi\u00f3n de pagos, pudiendo fijar los par\u00e1metros de reestructuraci\u00f3n de pago o refinanciamiento que<\/span> <span dir=\"ltr\" role=\"presentation\">correspondan. No podr\u00e1 acordarse u obligar al arrendatario a cancelar el monto \u00edntegro de los c\u00e1nones y<\/span> <span dir=\"ltr\" role=\"presentation\">dem\u00e1s conceptos acumulados de manera inmediata al momento del t\u00e9rmino del plazo de suspensi\u00f3n. En<\/span> <span dir=\"ltr\" role=\"presentation\">aquellos casos que no pueda lograrse un acuerdo entre las partes, sus diferencias se someter\u00e1n ante la<\/span> <span dir=\"ltr\" role=\"presentation\">Superintendencia Nacional de Arrendamiento de Vivienda (SUNAVI) para el caso de los inmuebles<\/span> <span dir=\"ltr\" role=\"presentation\">destinados a vivienda principal; y, ante la Superintendencia Nacional para la Defensa de los Derechos <\/span><span dir=\"ltr\" role=\"presentation\">Socioecon\u00f3micos (SUNDDE) en el caso de los inmuebles comerciales.<\/span><\/span><span id=\"page12R_mcid13\" class=\"markedContent\"><\/span><span id=\"page12R_mcid14\" class=\"markedContent\"><\/span><span id=\"page12R_mcid15\" class=\"markedContent\"><\/span><\/p>\n<p style=\"padding-left: 40px; text-align: justify;\"><span id=\"page22R_mcid0\" class=\"markedContent\"><\/span><span id=\"page22R_mcid1\" class=\"markedContent\"><\/span><span id=\"page22R_mcid2\" class=\"markedContent\"><\/span><span id=\"page22R_mcid3\" class=\"markedContent\"><span dir=\"ltr\" role=\"presentation\">d)<\/span> <span dir=\"ltr\" role=\"presentation\">Quedar\u00e1 excluida la aplicaci\u00f3n de la suspensi\u00f3n referida en el Decreto a aquellos casos de reinicio de la<\/span> <span dir=\"ltr\" role=\"presentation\">actividad comercial, con anterioridad al t\u00e9rmino m\u00e1ximo previamente mencionado; as\u00ed como a los<\/span> <span dir=\"ltr\" role=\"presentation\">establecimientos<\/span> <span dir=\"ltr\" role=\"presentation\">comerciales<\/span> <span dir=\"ltr\" role=\"presentation\">que<\/span> <span dir=\"ltr\" role=\"presentation\">por<\/span> <span dir=\"ltr\" role=\"presentation\">la<\/span> <span dir=\"ltr\" role=\"presentation\">naturaleza<\/span> <span dir=\"ltr\" role=\"presentation\">de<\/span> <span dir=\"ltr\" role=\"presentation\">su<\/span> <span dir=\"ltr\" role=\"presentation\">actividad<\/span> <span dir=\"ltr\" role=\"presentation\">y<\/span> <span dir=\"ltr\" role=\"presentation\">de<\/span> <span dir=\"ltr\" role=\"presentation\">conformidad<\/span> <span dir=\"ltr\" role=\"presentation\">con<\/span> <span dir=\"ltr\" role=\"presentation\">los<\/span> <span dir=\"ltr\" role=\"presentation\">lineamientos impartidos por el Ejecutivo Nacional con ocasi\u00f3n al Estado de Alarma, se encuentren<\/span> <span dir=\"ltr\" role=\"presentation\">operando o prestando servicio.<\/span><\/span><span id=\"page22R_mcid4\" class=\"markedContent\"><\/span><span id=\"page22R_mcid5\" class=\"markedContent\"><\/span><\/p>\n<p style=\"text-align: justify;\"><span id=\"page22R_mcid5\" class=\"markedContent\"><br role=\"presentation\" \/><span dir=\"ltr\" role=\"presentation\">El Decreto entr\u00f3 en vigencia a partir de su publicaci\u00f3n en la Gaceta Oficial.<\/span><\/span><span id=\"page22R_mcid6\" class=\"markedContent\"><\/span><span id=\"page22R_mcid7\" class=\"markedContent\"><\/span><\/p>\n<p style=\"text-align: justify;\"><span id=\"page22R_mcid7\" class=\"markedContent\"><span dir=\"ltr\" role=\"presentation\">Para tener acceso al Decreto, haga clic<\/span><\/span><a href=\"http:\/\/www.traviesoevans.com\/memos\/GO-6522-EXT-23032020-Suspension-Pago-Canones-Arrendamiento-Vivienda.pdf\" target=\"_blank\" rel=\"noopener\"><span id=\"page22R_mcid8\" class=\"markedContent\"> <span dir=\"ltr\" role=\"presentation\">aqu\u00ed<\/span><\/span><\/a><span id=\"page22R_mcid9\" class=\"markedContent\"><span dir=\"ltr\" role=\"presentation\">.<\/span><\/span><span id=\"page22R_mcid10\" class=\"markedContent\"><\/span><span id=\"page22R_mcid11\" class=\"markedContent\"><\/span><\/p>\n<p style=\"text-align: justify;\"><span id=\"page22R_mcid11\" class=\"markedContent\"><span dir=\"ltr\" role=\"presentation\">Si tiene alguna pregunta o comentario al respecto o si requiere m\u00e1s informaci\u00f3n,<\/span> <span dir=\"ltr\" role=\"presentation\">por favor comun\u00edquese v\u00eda <\/span><span dir=\"ltr\" role=\"presentation\">email con el socio encargado de su cuenta.<\/span><\/span><span id=\"page22R_mcid12\" class=\"markedContent\"><\/span><\/p>\n<div id=\"outerContainer\">\n<div id=\"mainContainer\">\n<div id=\"viewerContainer\" tabindex=\"0\">\n<div id=\"viewer\" class=\"pdfViewer\" lang=\"es-VE\">\n<div class=\"page\" role=\"region\" data-page-number=\"3\" aria-label=\"P\u00e1gina 3\" data-loaded=\"true\">\n<div class=\"annotationLayer\"><\/div>\n<\/div>\n<\/div>\n<\/div>\n<\/div>\n<\/div>\n<p>&nbsp;<\/p>\n<div id=\"outerContainer\">\n<div id=\"mainContainer\">\n<div id=\"viewerContainer\" tabindex=\"0\">\n<div id=\"viewer\" class=\"pdfViewer\" lang=\"es-VE\">\n<div class=\"page\" role=\"region\" data-page-number=\"3\" aria-label=\"P\u00e1gina 3\" data-loaded=\"true\">\n<div class=\"annotationLayer\"><\/div>\n<\/div>\n<div class=\"page\" role=\"region\" data-page-number=\"4\" aria-label=\"P\u00e1gina 4\">\n<div class=\"loadingIcon notVisible\" role=\"img\" aria-label=\"Cargando\u2026\"><\/div>\n<\/div>\n<\/div>\n<\/div>\n<\/div>\n<\/div>\n","protected":false},"excerpt":{"rendered":"<p>SUSPENSI\u00d3N DEL PAGO DE LOS C\u00c1NONES DE ARRENDAMIENTO DE INMUEBLES DE USO COMERCIAL Y VIVIENDA PRINCIPAL En la Gaceta Oficial Extraordinaria No. 6.522 del 23 de marzo de 2020, qued\u00f3 publicado el Decreto No. 4.169 de fecha 23 de marzo de 2020 (el \u201cDecreto\u201d) dictado por el Presidente de la Rep\u00fablica, donde se dict\u00f3 el&hellip;<\/p>\n","protected":false},"author":2,"featured_media":0,"comment_status":"closed","ping_status":"open","sticky":false,"template":"","format":"standard","meta":[],"categories":[95,74,123],"tags":[],"yoast_head":"<!-- This site is optimized with the Yoast SEO plugin v20.1 - https:\/\/yoast.com\/wordpress\/plugins\/seo\/ -->\n<title>SUSPENSI\u00d3N DEL PAGO DE LOS C\u00c1NONES DE ARRENDAMIENTO DE INMUEBLES DE USO COMERCIAL Y VIVIENDA PRINCIPAL - Mar 23 2020 - Travieso Evans Arria &amp; Rengel<\/title>\n<meta name=\"description\" content=\"Travieso Evans Arria &amp; Rengel SUSPENSI\u00d3N DEL PAGO DE LOS C\u00c1NONES DE ARRENDAMIENTO DE INMUEBLES DE USO COMERCIAL Y VIVIENDA PRINCIPAL - Mar 23 2020 Alertas\" \/>\n<meta name=\"robots\" content=\"index, follow, max-snippet:-1, max-image-preview:large, max-video-preview:-1\" \/>\n<link rel=\"canonical\" href=\"https:\/\/www.traviesoevans.com\/travieso\/alerta-suspension-canones-arrendamiento-mar-23-2020\/\" \/>\n<meta property=\"og:locale\" content=\"es_ES\" \/>\n<meta property=\"og:type\" content=\"article\" \/>\n<meta property=\"og:title\" content=\"SUSPENSI\u00d3N DEL PAGO DE LOS C\u00c1NONES DE ARRENDAMIENTO DE INMUEBLES DE USO COMERCIAL Y VIVIENDA PRINCIPAL - Mar 23 2020 - Travieso Evans Arria &amp; Rengel\" \/>\n<meta property=\"og:description\" content=\"Travieso Evans Arria &amp; Rengel SUSPENSI\u00d3N DEL PAGO DE LOS C\u00c1NONES DE ARRENDAMIENTO DE INMUEBLES DE USO COMERCIAL Y VIVIENDA PRINCIPAL - Mar 23 2020 Alertas\" \/>\n<meta property=\"og:url\" content=\"https:\/\/www.traviesoevans.com\/travieso\/alerta-suspension-canones-arrendamiento-mar-23-2020\/\" \/>\n<meta property=\"og:site_name\" content=\"Travieso Evans Arria &amp; Rengel\" \/>\n<meta property=\"article:published_time\" content=\"2020-03-23T17:35:34+00:00\" \/>\n<meta property=\"article:modified_time\" content=\"2022-05-09T20:37:10+00:00\" \/>\n<meta property=\"og:image\" content=\"https:\/\/www.traviesoevans.com\/travieso\/wp-content\/uploads\/2021\/03\/Alertas.jpg\" \/>\n<meta name=\"author\" content=\"TraviesoEvans\" \/>\n<meta name=\"twitter:card\" content=\"summary_large_image\" \/>\n<meta name=\"twitter:creator\" content=\"@traviesoevans\" \/>\n<meta name=\"twitter:site\" content=\"@traviesoevans\" \/>\n<meta name=\"twitter:label1\" content=\"Escrito por\" \/>\n\t<meta name=\"twitter:data1\" content=\"TraviesoEvans\" \/>\n\t<meta name=\"twitter:label2\" content=\"Tiempo estimado de lectura\" \/>\n\t<meta name=\"twitter:data2\" content=\"3 minutos\" \/>\n<script type=\"application\/ld+json\" class=\"yoast-schema-graph\">{\"@context\":\"https:\/\/schema.org\",\"@graph\":[{\"@type\":\"Article\",\"@id\":\"https:\/\/www.traviesoevans.com\/travieso\/alerta-suspension-canones-arrendamiento-mar-23-2020\/#article\",\"isPartOf\":{\"@id\":\"https:\/\/www.traviesoevans.com\/travieso\/alerta-suspension-canones-arrendamiento-mar-23-2020\/\"},\"author\":{\"name\":\"TraviesoEvans\",\"@id\":\"https:\/\/www.traviesoevans.com\/travieso\/#\/schema\/person\/ae8d8664ee7a06047479a280119e0fc0\"},\"headline\":\"SUSPENSI\u00d3N DEL PAGO DE LOS C\u00c1NONES DE ARRENDAMIENTO DE INMUEBLES DE USO COMERCIAL Y VIVIENDA PRINCIPAL &#8211; Mar 23 2020\",\"datePublished\":\"2020-03-23T17:35:34+00:00\",\"dateModified\":\"2022-05-09T20:37:10+00:00\",\"mainEntityOfPage\":{\"@id\":\"https:\/\/www.traviesoevans.com\/travieso\/alerta-suspension-canones-arrendamiento-mar-23-2020\/\"},\"wordCount\":589,\"publisher\":{\"@id\":\"https:\/\/www.traviesoevans.com\/travieso\/#organization\"},\"articleSection\":[\"2020\",\"Alertas\",\"Marzo 2020\"],\"inLanguage\":\"es\"},{\"@type\":\"WebPage\",\"@id\":\"https:\/\/www.traviesoevans.com\/travieso\/alerta-suspension-canones-arrendamiento-mar-23-2020\/\",\"url\":\"https:\/\/www.traviesoevans.com\/travieso\/alerta-suspension-canones-arrendamiento-mar-23-2020\/\",\"name\":\"SUSPENSI\u00d3N DEL PAGO DE LOS C\u00c1NONES DE ARRENDAMIENTO DE INMUEBLES DE USO COMERCIAL Y VIVIENDA PRINCIPAL - Mar 23 2020 - Travieso Evans Arria &amp; Rengel\",\"isPartOf\":{\"@id\":\"https:\/\/www.traviesoevans.com\/travieso\/#website\"},\"datePublished\":\"2020-03-23T17:35:34+00:00\",\"dateModified\":\"2022-05-09T20:37:10+00:00\",\"description\":\"Travieso Evans Arria &amp; Rengel SUSPENSI\u00d3N DEL PAGO DE LOS C\u00c1NONES DE ARRENDAMIENTO DE INMUEBLES DE USO COMERCIAL Y VIVIENDA PRINCIPAL - Mar 23 2020 Alertas\",\"breadcrumb\":{\"@id\":\"https:\/\/www.traviesoevans.com\/travieso\/alerta-suspension-canones-arrendamiento-mar-23-2020\/#breadcrumb\"},\"inLanguage\":\"es\",\"potentialAction\":[{\"@type\":\"ReadAction\",\"target\":[\"https:\/\/www.traviesoevans.com\/travieso\/alerta-suspension-canones-arrendamiento-mar-23-2020\/\"]}]},{\"@type\":\"BreadcrumbList\",\"@id\":\"https:\/\/www.traviesoevans.com\/travieso\/alerta-suspension-canones-arrendamiento-mar-23-2020\/#breadcrumb\",\"itemListElement\":[{\"@type\":\"ListItem\",\"position\":1,\"name\":\"Cover page\",\"item\":\"https:\/\/www.traviesoevans.com\/travieso\/\"},{\"@type\":\"ListItem\",\"position\":2,\"name\":\"SUSPENSI\u00d3N DEL PAGO DE LOS C\u00c1NONES DE ARRENDAMIENTO DE INMUEBLES DE USO COMERCIAL Y VIVIENDA PRINCIPAL &#8211; Mar 23 2020\"}]},{\"@type\":\"WebSite\",\"@id\":\"https:\/\/www.traviesoevans.com\/travieso\/#website\",\"url\":\"https:\/\/www.traviesoevans.com\/travieso\/\",\"name\":\"Travieso Evans Arria & Rengel\",\"description\":\"La Firma de Abogados de Venezuela.\",\"publisher\":{\"@id\":\"https:\/\/www.traviesoevans.com\/travieso\/#organization\"},\"potentialAction\":[{\"@type\":\"SearchAction\",\"target\":{\"@type\":\"EntryPoint\",\"urlTemplate\":\"https:\/\/www.traviesoevans.com\/travieso\/?s={search_term_string}\"},\"query-input\":\"required name=search_term_string\"}],\"inLanguage\":\"es\"},{\"@type\":\"Organization\",\"@id\":\"https:\/\/www.traviesoevans.com\/travieso\/#organization\",\"name\":\"T&E Travieso Evans Arria & Rengel\",\"url\":\"https:\/\/www.traviesoevans.com\/travieso\/\",\"logo\":{\"@type\":\"ImageObject\",\"inLanguage\":\"es\",\"@id\":\"https:\/\/www.traviesoevans.com\/travieso\/#\/schema\/logo\/image\/\",\"url\":\"https:\/\/www.traviesoevans.com\/travieso\/wp-content\/uploads\/2020\/05\/logo-travieso-login.png\",\"contentUrl\":\"https:\/\/www.traviesoevans.com\/travieso\/wp-content\/uploads\/2020\/05\/logo-travieso-login.png\",\"width\":84,\"height\":84,\"caption\":\"T&E Travieso Evans Arria & Rengel\"},\"image\":{\"@id\":\"https:\/\/www.traviesoevans.com\/travieso\/#\/schema\/logo\/image\/\"},\"sameAs\":[\"https:\/\/twitter.com\/traviesoevans\",\"https:\/\/www.instagram.com\/traviesoevans\/\",\"https:\/\/www.linkedin.com\/in\/travieso-evans-800302172\/\"]},{\"@type\":\"Person\",\"@id\":\"https:\/\/www.traviesoevans.com\/travieso\/#\/schema\/person\/ae8d8664ee7a06047479a280119e0fc0\",\"name\":\"TraviesoEvans\",\"image\":{\"@type\":\"ImageObject\",\"inLanguage\":\"es\",\"@id\":\"https:\/\/www.traviesoevans.com\/travieso\/#\/schema\/person\/image\/\",\"url\":\"https:\/\/secure.gravatar.com\/avatar\/8a6bcd626f3120b138dd8c1a9b30bacf?s=96&d=mm&r=g\",\"contentUrl\":\"https:\/\/secure.gravatar.com\/avatar\/8a6bcd626f3120b138dd8c1a9b30bacf?s=96&d=mm&r=g\",\"caption\":\"TraviesoEvans\"},\"url\":\"https:\/\/www.traviesoevans.com\/travieso\/author\/traviesoevans\/\"}]}<\/script>\n<!-- \/ Yoast SEO plugin. -->","yoast_head_json":{"title":"SUSPENSI\u00d3N DEL PAGO DE LOS C\u00c1NONES DE ARRENDAMIENTO DE INMUEBLES DE USO COMERCIAL Y VIVIENDA PRINCIPAL - Mar 23 2020 - Travieso Evans Arria &amp; Rengel","description":"Travieso Evans Arria &amp; Rengel SUSPENSI\u00d3N DEL PAGO DE LOS C\u00c1NONES DE ARRENDAMIENTO DE INMUEBLES DE USO COMERCIAL Y VIVIENDA PRINCIPAL - Mar 23 2020 Alertas","robots":{"index":"index","follow":"follow","max-snippet":"max-snippet:-1","max-image-preview":"max-image-preview:large","max-video-preview":"max-video-preview:-1"},"canonical":"https:\/\/www.traviesoevans.com\/travieso\/alerta-suspension-canones-arrendamiento-mar-23-2020\/","og_locale":"es_ES","og_type":"article","og_title":"SUSPENSI\u00d3N DEL PAGO DE LOS C\u00c1NONES DE ARRENDAMIENTO DE INMUEBLES DE USO COMERCIAL Y VIVIENDA PRINCIPAL - Mar 23 2020 - Travieso Evans Arria &amp; Rengel","og_description":"Travieso Evans Arria &amp; Rengel SUSPENSI\u00d3N DEL PAGO DE LOS C\u00c1NONES DE ARRENDAMIENTO DE INMUEBLES DE USO COMERCIAL Y VIVIENDA PRINCIPAL - Mar 23 2020 Alertas","og_url":"https:\/\/www.traviesoevans.com\/travieso\/alerta-suspension-canones-arrendamiento-mar-23-2020\/","og_site_name":"Travieso Evans Arria &amp; Rengel","article_published_time":"2020-03-23T17:35:34+00:00","article_modified_time":"2022-05-09T20:37:10+00:00","og_image":[{"url":"https:\/\/www.traviesoevans.com\/travieso\/wp-content\/uploads\/2021\/03\/Alertas.jpg"}],"author":"TraviesoEvans","twitter_card":"summary_large_image","twitter_creator":"@traviesoevans","twitter_site":"@traviesoevans","twitter_misc":{"Escrito por":"TraviesoEvans","Tiempo estimado de lectura":"3 minutos"},"schema":{"@context":"https:\/\/schema.org","@graph":[{"@type":"Article","@id":"https:\/\/www.traviesoevans.com\/travieso\/alerta-suspension-canones-arrendamiento-mar-23-2020\/#article","isPartOf":{"@id":"https:\/\/www.traviesoevans.com\/travieso\/alerta-suspension-canones-arrendamiento-mar-23-2020\/"},"author":{"name":"TraviesoEvans","@id":"https:\/\/www.traviesoevans.com\/travieso\/#\/schema\/person\/ae8d8664ee7a06047479a280119e0fc0"},"headline":"SUSPENSI\u00d3N DEL PAGO DE LOS C\u00c1NONES DE ARRENDAMIENTO DE INMUEBLES DE USO COMERCIAL Y VIVIENDA PRINCIPAL &#8211; Mar 23 2020","datePublished":"2020-03-23T17:35:34+00:00","dateModified":"2022-05-09T20:37:10+00:00","mainEntityOfPage":{"@id":"https:\/\/www.traviesoevans.com\/travieso\/alerta-suspension-canones-arrendamiento-mar-23-2020\/"},"wordCount":589,"publisher":{"@id":"https:\/\/www.traviesoevans.com\/travieso\/#organization"},"articleSection":["2020","Alertas","Marzo 2020"],"inLanguage":"es"},{"@type":"WebPage","@id":"https:\/\/www.traviesoevans.com\/travieso\/alerta-suspension-canones-arrendamiento-mar-23-2020\/","url":"https:\/\/www.traviesoevans.com\/travieso\/alerta-suspension-canones-arrendamiento-mar-23-2020\/","name":"SUSPENSI\u00d3N DEL PAGO DE LOS C\u00c1NONES DE ARRENDAMIENTO DE INMUEBLES DE USO COMERCIAL Y VIVIENDA PRINCIPAL - Mar 23 2020 - Travieso Evans Arria &amp; Rengel","isPartOf":{"@id":"https:\/\/www.traviesoevans.com\/travieso\/#website"},"datePublished":"2020-03-23T17:35:34+00:00","dateModified":"2022-05-09T20:37:10+00:00","description":"Travieso Evans Arria &amp; Rengel SUSPENSI\u00d3N DEL PAGO DE LOS C\u00c1NONES DE ARRENDAMIENTO DE INMUEBLES DE USO COMERCIAL Y VIVIENDA PRINCIPAL - Mar 23 2020 Alertas","breadcrumb":{"@id":"https:\/\/www.traviesoevans.com\/travieso\/alerta-suspension-canones-arrendamiento-mar-23-2020\/#breadcrumb"},"inLanguage":"es","potentialAction":[{"@type":"ReadAction","target":["https:\/\/www.traviesoevans.com\/travieso\/alerta-suspension-canones-arrendamiento-mar-23-2020\/"]}]},{"@type":"BreadcrumbList","@id":"https:\/\/www.traviesoevans.com\/travieso\/alerta-suspension-canones-arrendamiento-mar-23-2020\/#breadcrumb","itemListElement":[{"@type":"ListItem","position":1,"name":"Cover page","item":"https:\/\/www.traviesoevans.com\/travieso\/"},{"@type":"ListItem","position":2,"name":"SUSPENSI\u00d3N DEL PAGO DE LOS C\u00c1NONES DE ARRENDAMIENTO DE INMUEBLES DE USO COMERCIAL Y VIVIENDA PRINCIPAL &#8211; Mar 23 2020"}]},{"@type":"WebSite","@id":"https:\/\/www.traviesoevans.com\/travieso\/#website","url":"https:\/\/www.traviesoevans.com\/travieso\/","name":"Travieso Evans Arria & Rengel","description":"La Firma de Abogados de Venezuela.","publisher":{"@id":"https:\/\/www.traviesoevans.com\/travieso\/#organization"},"potentialAction":[{"@type":"SearchAction","target":{"@type":"EntryPoint","urlTemplate":"https:\/\/www.traviesoevans.com\/travieso\/?s={search_term_string}"},"query-input":"required name=search_term_string"}],"inLanguage":"es"},{"@type":"Organization","@id":"https:\/\/www.traviesoevans.com\/travieso\/#organization","name":"T&E Travieso Evans Arria & Rengel","url":"https:\/\/www.traviesoevans.com\/travieso\/","logo":{"@type":"ImageObject","inLanguage":"es","@id":"https:\/\/www.traviesoevans.com\/travieso\/#\/schema\/logo\/image\/","url":"https:\/\/www.traviesoevans.com\/travieso\/wp-content\/uploads\/2020\/05\/logo-travieso-login.png","contentUrl":"https:\/\/www.traviesoevans.com\/travieso\/wp-content\/uploads\/2020\/05\/logo-travieso-login.png","width":84,"height":84,"caption":"T&E Travieso Evans Arria & Rengel"},"image":{"@id":"https:\/\/www.traviesoevans.com\/travieso\/#\/schema\/logo\/image\/"},"sameAs":["https:\/\/twitter.com\/traviesoevans","https:\/\/www.instagram.com\/traviesoevans\/","https:\/\/www.linkedin.com\/in\/travieso-evans-800302172\/"]},{"@type":"Person","@id":"https:\/\/www.traviesoevans.com\/travieso\/#\/schema\/person\/ae8d8664ee7a06047479a280119e0fc0","name":"TraviesoEvans","image":{"@type":"ImageObject","inLanguage":"es","@id":"https:\/\/www.traviesoevans.com\/travieso\/#\/schema\/person\/image\/","url":"https:\/\/secure.gravatar.com\/avatar\/8a6bcd626f3120b138dd8c1a9b30bacf?s=96&d=mm&r=g","contentUrl":"https:\/\/secure.gravatar.com\/avatar\/8a6bcd626f3120b138dd8c1a9b30bacf?s=96&d=mm&r=g","caption":"TraviesoEvans"},"url":"https:\/\/www.traviesoevans.com\/travieso\/author\/traviesoevans\/"}]}},"_links":{"self":[{"href":"https:\/\/www.traviesoevans.com\/travieso\/wp-json\/wp\/v2\/posts\/2733"}],"collection":[{"href":"https:\/\/www.traviesoevans.com\/travieso\/wp-json\/wp\/v2\/posts"}],"about":[{"href":"https:\/\/www.traviesoevans.com\/travieso\/wp-json\/wp\/v2\/types\/post"}],"author":[{"embeddable":true,"href":"https:\/\/www.traviesoevans.com\/travieso\/wp-json\/wp\/v2\/users\/2"}],"replies":[{"embeddable":true,"href":"https:\/\/www.traviesoevans.com\/travieso\/wp-json\/wp\/v2\/comments?post=2733"}],"version-history":[{"count":6,"href":"https:\/\/www.traviesoevans.com\/travieso\/wp-json\/wp\/v2\/posts\/2733\/revisions"}],"predecessor-version":[{"id":5604,"href":"https:\/\/www.traviesoevans.com\/travieso\/wp-json\/wp\/v2\/posts\/2733\/revisions\/5604"}],"wp:attachment":[{"href":"https:\/\/www.traviesoevans.com\/travieso\/wp-json\/wp\/v2\/media?parent=2733"}],"wp:term":[{"taxonomy":"category","embeddable":true,"href":"https:\/\/www.traviesoevans.com\/travieso\/wp-json\/wp\/v2\/categories?post=2733"},{"taxonomy":"post_tag","embeddable":true,"href":"https:\/\/www.traviesoevans.com\/travieso\/wp-json\/wp\/v2\/tags?post=2733"}],"curies":[{"name":"wp","href":"https:\/\/api.w.org\/{rel}","templated":true}]}}