{"id":2994,"date":"2020-04-12T12:01:11","date_gmt":"2020-04-12T16:01:11","guid":{"rendered":"http:\/\/www.traviesoevans.com\/?p=2994"},"modified":"2022-05-09T10:30:42","modified_gmt":"2022-05-09T14:30:42","slug":"alerta-prorrogado-el-estado-de-excepcion-de-alarma-nacional-para-atender-la-emergencia-sanitaria-del-coronavirus-covid-19-abr-2-2020-12","status":"publish","type":"post","link":"https:\/\/www.traviesoevans.com\/travieso\/alerta-prorrogado-el-estado-de-excepcion-de-alarma-nacional-para-atender-la-emergencia-sanitaria-del-coronavirus-covid-19-abr-2-2020-12\/","title":{"rendered":"PRORROGADO EL ESTADO DE EXCEPCI\u00d3N DE ALARMA NACIONAL PARA ATENDER LA EMERGENCIA SANITARIA DEL CORONAVIRUS COVID-19 &#8211; Abr 12 2020"},"content":{"rendered":"<p style=\"text-align: center;\"><strong><img decoding=\"async\" loading=\"lazy\" class=\"alignnone wp-image-3878 size-full\" src=\"https:\/\/www.traviesoevans.com\/travieso\/wp-content\/uploads\/2021\/03\/Alertas.jpg\" alt=\"\" width=\"815\" height=\"135\" srcset=\"https:\/\/www.traviesoevans.com\/travieso\/wp-content\/uploads\/2021\/03\/Alertas.jpg 815w, https:\/\/www.traviesoevans.com\/travieso\/wp-content\/uploads\/2021\/03\/Alertas-300x50.jpg 300w, https:\/\/www.traviesoevans.com\/travieso\/wp-content\/uploads\/2021\/03\/Alertas-768x127.jpg 768w\" sizes=\"(max-width: 815px) 100vw, 815px\" \/><\/strong><\/p>\n<p style=\"text-align: center;\"><strong><span id=\"page12R_mcid4\" class=\"markedContent\"><span dir=\"ltr\" role=\"presentation\">PRORROGADO EL ESTADO DE EXCEPCI\u00d3N DE ALARMA NACIONAL PARA<\/span> <span dir=\"ltr\" role=\"presentation\">ATENDER LA EMERGENCIA SANITARIA DEL CORONAVIRUS COVID-19<\/span><\/span><\/strong><span id=\"page12R_mcid5\" class=\"markedContent\"><\/span><\/p>\n<p>&nbsp;<\/p>\n<p><span id=\"page12R_mcid5\" class=\"markedContent\"><span dir=\"ltr\" role=\"presentation\">En la Gaceta Oficial No. 6.528 Extraordinario del 12 de abril de 2020, fue publicado el Decreto Presidencial<\/span> <span dir=\"ltr\" role=\"presentation\">N<\/span><\/span><span id=\"page12R_mcid6\" class=\"markedContent\"><span dir=\"ltr\" role=\"presentation\">o.<\/span><\/span><span id=\"page12R_mcid7\" class=\"markedContent\"> <span dir=\"ltr\" role=\"presentation\">4.186<\/span><\/span><span id=\"page12R_mcid8\" class=\"markedContent\"><\/span><span id=\"page12R_mcid9\" class=\"markedContent\"> <span dir=\"ltr\" role=\"presentation\">mediante el cual se<\/span><\/span><span id=\"page12R_mcid10\" class=\"markedContent\"> <span dir=\"ltr\" role=\"presentation\">prorroga<\/span><\/span><span id=\"page12R_mcid11\" class=\"markedContent\"> <span dir=\"ltr\" role=\"presentation\">el Estado de Excepci\u00f3n de<\/span><\/span><span id=\"page12R_mcid12\" class=\"markedContent\"> <span dir=\"ltr\" role=\"presentation\">Alarma en todo el Territorio Nacional, por<\/span><\/span><span id=\"page12R_mcid13\" class=\"markedContent\"> <span dir=\"ltr\" role=\"presentation\">treinta (30) d\u00edas, visto que subsiste la situaci\u00f3n excepcional, extraordinaria y coyuntural que motiv\u00f3 la<\/span><\/span><span id=\"page12R_mcid14\" class=\"markedContent\"> <span dir=\"ltr\" role=\"presentation\">declaratoria de dicho Estado de Excepci\u00f3n en fecha 13 de marzo de 2020.<\/span><\/span><\/p>\n<p><span id=\"page12R_mcid16\" class=\"markedContent\"><span dir=\"ltr\" role=\"presentation\">Por lo tanto, se mantienen vigentes las medidas contenidas en el Decreto Presidencial N<\/span><\/span><span id=\"page12R_mcid17\" class=\"markedContent\"><span dir=\"ltr\" role=\"presentation\">o.<\/span><\/span><span id=\"page12R_mcid18\" class=\"markedContent\"> <span dir=\"ltr\" role=\"presentation\">4.160, publicado en<\/span><\/span><span id=\"page12R_mcid19\" class=\"markedContent\"> <span dir=\"ltr\" role=\"presentation\">la Gaceta Oficial No.<\/span><\/span><span id=\"page12R_mcid20\" class=\"markedContent\"> <span dir=\"ltr\" role=\"presentation\">6.519 Extraordinario<\/span><\/span><span id=\"page12R_mcid21\" class=\"markedContent\"><\/span><span id=\"page12R_mcid22\" class=\"markedContent\"> <span dir=\"ltr\" role=\"presentation\">del 1<\/span><\/span><span id=\"page12R_mcid23\" class=\"markedContent\"><span dir=\"ltr\" role=\"presentation\">3 de marzo de 2020.<\/span><\/span><span id=\"page12R_mcid24\" class=\"markedContent\"><\/span><span id=\"page12R_mcid25\" class=\"markedContent\"><\/span><\/p>\n<p><span id=\"page12R_mcid25\" class=\"markedContent\"><span dir=\"ltr\" role=\"presentation\">El Decreto entr\u00f3 en vigencia a partir del 12 de abril de 2020.<\/span><\/span><span id=\"page12R_mcid26\" class=\"markedContent\"><\/span><\/p>\n<p><span id=\"page12R_mcid26\" class=\"markedContent\"><span dir=\"ltr\" role=\"presentation\">Para tener acceso al Decreto, haga clic<\/span><\/span><a href=\"http:\/\/www.traviesoevans.com\/memos\/GO-6528-EXT-12042020-Decreto-4186-Prorroga-Estado-de-Alarma.pdf\" target=\"_blank\" rel=\"noopener\"><span id=\"page12R_mcid27\" class=\"markedContent\"> <span dir=\"ltr\" role=\"presentation\">aqu\u00ed<\/span><\/span><\/a><span id=\"page12R_mcid28\" class=\"markedContent\"><span dir=\"ltr\" role=\"presentation\">.<\/span><\/span><span id=\"page12R_mcid29\" class=\"markedContent\"><\/span><span id=\"page12R_mcid30\" class=\"markedContent\"><\/span><\/p>\n<p><span id=\"page12R_mcid30\" class=\"markedContent\"><span dir=\"ltr\" role=\"presentation\">Si tiene alguna pregunta o comentario al respecto o si requiere m\u00e1s informaci\u00f3n, por favor comun\u00edquese v\u00eda e-<\/span><span dir=\"ltr\" role=\"presentation\">mail con el socio encargado de su cuenta<\/span><\/span><span id=\"page12R_mcid31\" class=\"markedContent\"><span dir=\"ltr\" role=\"presentation\">.<\/span><\/span><\/p>\n<p>&nbsp;<\/p>\n","protected":false},"excerpt":{"rendered":"<p>PRORROGADO EL ESTADO DE EXCEPCI\u00d3N DE ALARMA NACIONAL PARA ATENDER LA EMERGENCIA SANITARIA DEL CORONAVIRUS COVID-19 &nbsp; En la Gaceta Oficial No. 6.528 Extraordinario del 12 de abril de 2020, fue publicado el Decreto Presidencial No. 4.186 mediante el cual se prorroga el Estado de Excepci\u00f3n de Alarma en todo el Territorio Nacional, por treinta&hellip;<\/p>\n","protected":false},"author":2,"featured_media":0,"comment_status":"closed","ping_status":"open","sticky":false,"template":"","format":"standard","meta":[],"categories":[95,124,74],"tags":[],"yoast_head":"<!-- This site is optimized with the Yoast SEO plugin v20.1 - https:\/\/yoast.com\/wordpress\/plugins\/seo\/ -->\n<title>PRORROGADO EL ESTADO DE EXCEPCI\u00d3N DE ALARMA NACIONAL PARA ATENDER LA EMERGENCIA SANITARIA DEL CORONAVIRUS COVID-19 - Abr 12 2020 - Travieso Evans Arria &amp; Rengel<\/title>\n<meta name=\"description\" content=\"Travieso Evans Arria &amp; Rengel PRORROGADO EL ESTADO DE EXCEPCI\u00d3N DE ALARMA NACIONAL PARA ATENDER LA EMERGENCIA SANITARIA DEL CORONAVIRUS COVID-19 - Abr 12 2020 Alertas\" \/>\n<meta name=\"robots\" content=\"index, follow, max-snippet:-1, max-image-preview:large, max-video-preview:-1\" \/>\n<link rel=\"canonical\" href=\"https:\/\/www.traviesoevans.com\/travieso\/alerta-prorrogado-el-estado-de-excepcion-de-alarma-nacional-para-atender-la-emergencia-sanitaria-del-coronavirus-covid-19-abr-2-2020-12\/\" \/>\n<meta property=\"og:locale\" content=\"es_ES\" \/>\n<meta property=\"og:type\" content=\"article\" \/>\n<meta property=\"og:title\" content=\"PRORROGADO EL ESTADO DE EXCEPCI\u00d3N DE ALARMA NACIONAL PARA ATENDER LA EMERGENCIA SANITARIA DEL CORONAVIRUS COVID-19 - Abr 12 2020 - Travieso Evans Arria &amp; Rengel\" \/>\n<meta property=\"og:description\" content=\"Travieso Evans Arria &amp; Rengel PRORROGADO EL ESTADO DE EXCEPCI\u00d3N DE ALARMA NACIONAL PARA ATENDER LA EMERGENCIA SANITARIA DEL CORONAVIRUS COVID-19 - Abr 12 2020 Alertas\" \/>\n<meta property=\"og:url\" content=\"https:\/\/www.traviesoevans.com\/travieso\/alerta-prorrogado-el-estado-de-excepcion-de-alarma-nacional-para-atender-la-emergencia-sanitaria-del-coronavirus-covid-19-abr-2-2020-12\/\" \/>\n<meta property=\"og:site_name\" content=\"Travieso Evans Arria &amp; Rengel\" \/>\n<meta property=\"article:published_time\" content=\"2020-04-12T16:01:11+00:00\" \/>\n<meta property=\"article:modified_time\" content=\"2022-05-09T14:30:42+00:00\" \/>\n<meta property=\"og:image\" content=\"https:\/\/www.traviesoevans.com\/travieso\/wp-content\/uploads\/2021\/03\/Alertas.jpg\" \/>\n<meta name=\"author\" content=\"TraviesoEvans\" \/>\n<meta name=\"twitter:card\" content=\"summary_large_image\" \/>\n<meta name=\"twitter:creator\" content=\"@traviesoevans\" \/>\n<meta name=\"twitter:site\" content=\"@traviesoevans\" \/>\n<meta name=\"twitter:label1\" content=\"Escrito por\" \/>\n\t<meta name=\"twitter:data1\" content=\"TraviesoEvans\" \/>\n\t<meta name=\"twitter:label2\" content=\"Tiempo estimado de lectura\" \/>\n\t<meta name=\"twitter:data2\" content=\"1 minuto\" \/>\n<script type=\"application\/ld+json\" class=\"yoast-schema-graph\">{\"@context\":\"https:\/\/schema.org\",\"@graph\":[{\"@type\":\"Article\",\"@id\":\"https:\/\/www.traviesoevans.com\/travieso\/alerta-prorrogado-el-estado-de-excepcion-de-alarma-nacional-para-atender-la-emergencia-sanitaria-del-coronavirus-covid-19-abr-2-2020-12\/#article\",\"isPartOf\":{\"@id\":\"https:\/\/www.traviesoevans.com\/travieso\/alerta-prorrogado-el-estado-de-excepcion-de-alarma-nacional-para-atender-la-emergencia-sanitaria-del-coronavirus-covid-19-abr-2-2020-12\/\"},\"author\":{\"name\":\"TraviesoEvans\",\"@id\":\"https:\/\/www.traviesoevans.com\/travieso\/#\/schema\/person\/ae8d8664ee7a06047479a280119e0fc0\"},\"headline\":\"PRORROGADO EL ESTADO DE EXCEPCI\u00d3N DE ALARMA NACIONAL PARA ATENDER LA EMERGENCIA SANITARIA DEL CORONAVIRUS COVID-19 &#8211; Abr 12 2020\",\"datePublished\":\"2020-04-12T16:01:11+00:00\",\"dateModified\":\"2022-05-09T14:30:42+00:00\",\"mainEntityOfPage\":{\"@id\":\"https:\/\/www.traviesoevans.com\/travieso\/alerta-prorrogado-el-estado-de-excepcion-de-alarma-nacional-para-atender-la-emergencia-sanitaria-del-coronavirus-covid-19-abr-2-2020-12\/\"},\"wordCount\":176,\"publisher\":{\"@id\":\"https:\/\/www.traviesoevans.com\/travieso\/#organization\"},\"articleSection\":[\"2020\",\"Abril 2020\",\"Alertas\"],\"inLanguage\":\"es\"},{\"@type\":\"WebPage\",\"@id\":\"https:\/\/www.traviesoevans.com\/travieso\/alerta-prorrogado-el-estado-de-excepcion-de-alarma-nacional-para-atender-la-emergencia-sanitaria-del-coronavirus-covid-19-abr-2-2020-12\/\",\"url\":\"https:\/\/www.traviesoevans.com\/travieso\/alerta-prorrogado-el-estado-de-excepcion-de-alarma-nacional-para-atender-la-emergencia-sanitaria-del-coronavirus-covid-19-abr-2-2020-12\/\",\"name\":\"PRORROGADO EL ESTADO DE EXCEPCI\u00d3N DE ALARMA NACIONAL PARA ATENDER LA EMERGENCIA SANITARIA DEL CORONAVIRUS COVID-19 - Abr 12 2020 - Travieso Evans Arria &amp; Rengel\",\"isPartOf\":{\"@id\":\"https:\/\/www.traviesoevans.com\/travieso\/#website\"},\"datePublished\":\"2020-04-12T16:01:11+00:00\",\"dateModified\":\"2022-05-09T14:30:42+00:00\",\"description\":\"Travieso Evans Arria &amp; Rengel PRORROGADO EL ESTADO DE EXCEPCI\u00d3N DE ALARMA NACIONAL PARA ATENDER LA EMERGENCIA SANITARIA DEL CORONAVIRUS COVID-19 - Abr 12 2020 Alertas\",\"breadcrumb\":{\"@id\":\"https:\/\/www.traviesoevans.com\/travieso\/alerta-prorrogado-el-estado-de-excepcion-de-alarma-nacional-para-atender-la-emergencia-sanitaria-del-coronavirus-covid-19-abr-2-2020-12\/#breadcrumb\"},\"inLanguage\":\"es\",\"potentialAction\":[{\"@type\":\"ReadAction\",\"target\":[\"https:\/\/www.traviesoevans.com\/travieso\/alerta-prorrogado-el-estado-de-excepcion-de-alarma-nacional-para-atender-la-emergencia-sanitaria-del-coronavirus-covid-19-abr-2-2020-12\/\"]}]},{\"@type\":\"BreadcrumbList\",\"@id\":\"https:\/\/www.traviesoevans.com\/travieso\/alerta-prorrogado-el-estado-de-excepcion-de-alarma-nacional-para-atender-la-emergencia-sanitaria-del-coronavirus-covid-19-abr-2-2020-12\/#breadcrumb\",\"itemListElement\":[{\"@type\":\"ListItem\",\"position\":1,\"name\":\"Cover page\",\"item\":\"https:\/\/www.traviesoevans.com\/travieso\/\"},{\"@type\":\"ListItem\",\"position\":2,\"name\":\"PRORROGADO EL ESTADO DE EXCEPCI\u00d3N DE ALARMA NACIONAL PARA ATENDER LA EMERGENCIA SANITARIA DEL CORONAVIRUS COVID-19 &#8211; Abr 12 2020\"}]},{\"@type\":\"WebSite\",\"@id\":\"https:\/\/www.traviesoevans.com\/travieso\/#website\",\"url\":\"https:\/\/www.traviesoevans.com\/travieso\/\",\"name\":\"Travieso Evans Arria & Rengel\",\"description\":\"La Firma de Abogados de Venezuela.\",\"publisher\":{\"@id\":\"https:\/\/www.traviesoevans.com\/travieso\/#organization\"},\"potentialAction\":[{\"@type\":\"SearchAction\",\"target\":{\"@type\":\"EntryPoint\",\"urlTemplate\":\"https:\/\/www.traviesoevans.com\/travieso\/?s={search_term_string}\"},\"query-input\":\"required name=search_term_string\"}],\"inLanguage\":\"es\"},{\"@type\":\"Organization\",\"@id\":\"https:\/\/www.traviesoevans.com\/travieso\/#organization\",\"name\":\"T&E Travieso Evans Arria & Rengel\",\"url\":\"https:\/\/www.traviesoevans.com\/travieso\/\",\"logo\":{\"@type\":\"ImageObject\",\"inLanguage\":\"es\",\"@id\":\"https:\/\/www.traviesoevans.com\/travieso\/#\/schema\/logo\/image\/\",\"url\":\"https:\/\/www.traviesoevans.com\/travieso\/wp-content\/uploads\/2020\/05\/logo-travieso-login.png\",\"contentUrl\":\"https:\/\/www.traviesoevans.com\/travieso\/wp-content\/uploads\/2020\/05\/logo-travieso-login.png\",\"width\":84,\"height\":84,\"caption\":\"T&E Travieso Evans Arria & Rengel\"},\"image\":{\"@id\":\"https:\/\/www.traviesoevans.com\/travieso\/#\/schema\/logo\/image\/\"},\"sameAs\":[\"https:\/\/twitter.com\/traviesoevans\",\"https:\/\/www.instagram.com\/traviesoevans\/\",\"https:\/\/www.linkedin.com\/in\/travieso-evans-800302172\/\"]},{\"@type\":\"Person\",\"@id\":\"https:\/\/www.traviesoevans.com\/travieso\/#\/schema\/person\/ae8d8664ee7a06047479a280119e0fc0\",\"name\":\"TraviesoEvans\",\"image\":{\"@type\":\"ImageObject\",\"inLanguage\":\"es\",\"@id\":\"https:\/\/www.traviesoevans.com\/travieso\/#\/schema\/person\/image\/\",\"url\":\"https:\/\/secure.gravatar.com\/avatar\/8a6bcd626f3120b138dd8c1a9b30bacf?s=96&d=mm&r=g\",\"contentUrl\":\"https:\/\/secure.gravatar.com\/avatar\/8a6bcd626f3120b138dd8c1a9b30bacf?s=96&d=mm&r=g\",\"caption\":\"TraviesoEvans\"},\"url\":\"https:\/\/www.traviesoevans.com\/travieso\/author\/traviesoevans\/\"}]}<\/script>\n<!-- \/ Yoast SEO plugin. -->","yoast_head_json":{"title":"PRORROGADO EL ESTADO DE EXCEPCI\u00d3N DE ALARMA NACIONAL PARA ATENDER LA EMERGENCIA SANITARIA DEL CORONAVIRUS COVID-19 - Abr 12 2020 - Travieso Evans Arria &amp; Rengel","description":"Travieso Evans Arria &amp; Rengel PRORROGADO EL ESTADO DE EXCEPCI\u00d3N DE ALARMA NACIONAL PARA ATENDER LA EMERGENCIA SANITARIA DEL CORONAVIRUS COVID-19 - Abr 12 2020 Alertas","robots":{"index":"index","follow":"follow","max-snippet":"max-snippet:-1","max-image-preview":"max-image-preview:large","max-video-preview":"max-video-preview:-1"},"canonical":"https:\/\/www.traviesoevans.com\/travieso\/alerta-prorrogado-el-estado-de-excepcion-de-alarma-nacional-para-atender-la-emergencia-sanitaria-del-coronavirus-covid-19-abr-2-2020-12\/","og_locale":"es_ES","og_type":"article","og_title":"PRORROGADO EL ESTADO DE EXCEPCI\u00d3N DE ALARMA NACIONAL PARA ATENDER LA EMERGENCIA SANITARIA DEL CORONAVIRUS COVID-19 - Abr 12 2020 - Travieso Evans Arria &amp; Rengel","og_description":"Travieso Evans Arria &amp; Rengel PRORROGADO EL ESTADO DE EXCEPCI\u00d3N DE ALARMA NACIONAL PARA ATENDER LA EMERGENCIA SANITARIA DEL CORONAVIRUS COVID-19 - Abr 12 2020 Alertas","og_url":"https:\/\/www.traviesoevans.com\/travieso\/alerta-prorrogado-el-estado-de-excepcion-de-alarma-nacional-para-atender-la-emergencia-sanitaria-del-coronavirus-covid-19-abr-2-2020-12\/","og_site_name":"Travieso Evans Arria &amp; Rengel","article_published_time":"2020-04-12T16:01:11+00:00","article_modified_time":"2022-05-09T14:30:42+00:00","og_image":[{"url":"https:\/\/www.traviesoevans.com\/travieso\/wp-content\/uploads\/2021\/03\/Alertas.jpg"}],"author":"TraviesoEvans","twitter_card":"summary_large_image","twitter_creator":"@traviesoevans","twitter_site":"@traviesoevans","twitter_misc":{"Escrito por":"TraviesoEvans","Tiempo estimado de lectura":"1 minuto"},"schema":{"@context":"https:\/\/schema.org","@graph":[{"@type":"Article","@id":"https:\/\/www.traviesoevans.com\/travieso\/alerta-prorrogado-el-estado-de-excepcion-de-alarma-nacional-para-atender-la-emergencia-sanitaria-del-coronavirus-covid-19-abr-2-2020-12\/#article","isPartOf":{"@id":"https:\/\/www.traviesoevans.com\/travieso\/alerta-prorrogado-el-estado-de-excepcion-de-alarma-nacional-para-atender-la-emergencia-sanitaria-del-coronavirus-covid-19-abr-2-2020-12\/"},"author":{"name":"TraviesoEvans","@id":"https:\/\/www.traviesoevans.com\/travieso\/#\/schema\/person\/ae8d8664ee7a06047479a280119e0fc0"},"headline":"PRORROGADO EL ESTADO DE EXCEPCI\u00d3N DE ALARMA NACIONAL PARA ATENDER LA EMERGENCIA SANITARIA DEL CORONAVIRUS COVID-19 &#8211; Abr 12 2020","datePublished":"2020-04-12T16:01:11+00:00","dateModified":"2022-05-09T14:30:42+00:00","mainEntityOfPage":{"@id":"https:\/\/www.traviesoevans.com\/travieso\/alerta-prorrogado-el-estado-de-excepcion-de-alarma-nacional-para-atender-la-emergencia-sanitaria-del-coronavirus-covid-19-abr-2-2020-12\/"},"wordCount":176,"publisher":{"@id":"https:\/\/www.traviesoevans.com\/travieso\/#organization"},"articleSection":["2020","Abril 2020","Alertas"],"inLanguage":"es"},{"@type":"WebPage","@id":"https:\/\/www.traviesoevans.com\/travieso\/alerta-prorrogado-el-estado-de-excepcion-de-alarma-nacional-para-atender-la-emergencia-sanitaria-del-coronavirus-covid-19-abr-2-2020-12\/","url":"https:\/\/www.traviesoevans.com\/travieso\/alerta-prorrogado-el-estado-de-excepcion-de-alarma-nacional-para-atender-la-emergencia-sanitaria-del-coronavirus-covid-19-abr-2-2020-12\/","name":"PRORROGADO EL ESTADO DE EXCEPCI\u00d3N DE ALARMA NACIONAL PARA ATENDER LA EMERGENCIA SANITARIA DEL CORONAVIRUS COVID-19 - Abr 12 2020 - Travieso Evans Arria &amp; Rengel","isPartOf":{"@id":"https:\/\/www.traviesoevans.com\/travieso\/#website"},"datePublished":"2020-04-12T16:01:11+00:00","dateModified":"2022-05-09T14:30:42+00:00","description":"Travieso Evans Arria &amp; Rengel PRORROGADO EL ESTADO DE EXCEPCI\u00d3N DE ALARMA NACIONAL PARA ATENDER LA EMERGENCIA SANITARIA DEL CORONAVIRUS COVID-19 - Abr 12 2020 Alertas","breadcrumb":{"@id":"https:\/\/www.traviesoevans.com\/travieso\/alerta-prorrogado-el-estado-de-excepcion-de-alarma-nacional-para-atender-la-emergencia-sanitaria-del-coronavirus-covid-19-abr-2-2020-12\/#breadcrumb"},"inLanguage":"es","potentialAction":[{"@type":"ReadAction","target":["https:\/\/www.traviesoevans.com\/travieso\/alerta-prorrogado-el-estado-de-excepcion-de-alarma-nacional-para-atender-la-emergencia-sanitaria-del-coronavirus-covid-19-abr-2-2020-12\/"]}]},{"@type":"BreadcrumbList","@id":"https:\/\/www.traviesoevans.com\/travieso\/alerta-prorrogado-el-estado-de-excepcion-de-alarma-nacional-para-atender-la-emergencia-sanitaria-del-coronavirus-covid-19-abr-2-2020-12\/#breadcrumb","itemListElement":[{"@type":"ListItem","position":1,"name":"Cover page","item":"https:\/\/www.traviesoevans.com\/travieso\/"},{"@type":"ListItem","position":2,"name":"PRORROGADO EL ESTADO DE EXCEPCI\u00d3N DE ALARMA NACIONAL PARA ATENDER LA EMERGENCIA SANITARIA DEL CORONAVIRUS COVID-19 &#8211; Abr 12 2020"}]},{"@type":"WebSite","@id":"https:\/\/www.traviesoevans.com\/travieso\/#website","url":"https:\/\/www.traviesoevans.com\/travieso\/","name":"Travieso Evans Arria & Rengel","description":"La Firma de Abogados de Venezuela.","publisher":{"@id":"https:\/\/www.traviesoevans.com\/travieso\/#organization"},"potentialAction":[{"@type":"SearchAction","target":{"@type":"EntryPoint","urlTemplate":"https:\/\/www.traviesoevans.com\/travieso\/?s={search_term_string}"},"query-input":"required name=search_term_string"}],"inLanguage":"es"},{"@type":"Organization","@id":"https:\/\/www.traviesoevans.com\/travieso\/#organization","name":"T&E Travieso Evans Arria & Rengel","url":"https:\/\/www.traviesoevans.com\/travieso\/","logo":{"@type":"ImageObject","inLanguage":"es","@id":"https:\/\/www.traviesoevans.com\/travieso\/#\/schema\/logo\/image\/","url":"https:\/\/www.traviesoevans.com\/travieso\/wp-content\/uploads\/2020\/05\/logo-travieso-login.png","contentUrl":"https:\/\/www.traviesoevans.com\/travieso\/wp-content\/uploads\/2020\/05\/logo-travieso-login.png","width":84,"height":84,"caption":"T&E Travieso Evans Arria & Rengel"},"image":{"@id":"https:\/\/www.traviesoevans.com\/travieso\/#\/schema\/logo\/image\/"},"sameAs":["https:\/\/twitter.com\/traviesoevans","https:\/\/www.instagram.com\/traviesoevans\/","https:\/\/www.linkedin.com\/in\/travieso-evans-800302172\/"]},{"@type":"Person","@id":"https:\/\/www.traviesoevans.com\/travieso\/#\/schema\/person\/ae8d8664ee7a06047479a280119e0fc0","name":"TraviesoEvans","image":{"@type":"ImageObject","inLanguage":"es","@id":"https:\/\/www.traviesoevans.com\/travieso\/#\/schema\/person\/image\/","url":"https:\/\/secure.gravatar.com\/avatar\/8a6bcd626f3120b138dd8c1a9b30bacf?s=96&d=mm&r=g","contentUrl":"https:\/\/secure.gravatar.com\/avatar\/8a6bcd626f3120b138dd8c1a9b30bacf?s=96&d=mm&r=g","caption":"TraviesoEvans"},"url":"https:\/\/www.traviesoevans.com\/travieso\/author\/traviesoevans\/"}]}},"_links":{"self":[{"href":"https:\/\/www.traviesoevans.com\/travieso\/wp-json\/wp\/v2\/posts\/2994"}],"collection":[{"href":"https:\/\/www.traviesoevans.com\/travieso\/wp-json\/wp\/v2\/posts"}],"about":[{"href":"https:\/\/www.traviesoevans.com\/travieso\/wp-json\/wp\/v2\/types\/post"}],"author":[{"embeddable":true,"href":"https:\/\/www.traviesoevans.com\/travieso\/wp-json\/wp\/v2\/users\/2"}],"replies":[{"embeddable":true,"href":"https:\/\/www.traviesoevans.com\/travieso\/wp-json\/wp\/v2\/comments?post=2994"}],"version-history":[{"count":4,"href":"https:\/\/www.traviesoevans.com\/travieso\/wp-json\/wp\/v2\/posts\/2994\/revisions"}],"predecessor-version":[{"id":5552,"href":"https:\/\/www.traviesoevans.com\/travieso\/wp-json\/wp\/v2\/posts\/2994\/revisions\/5552"}],"wp:attachment":[{"href":"https:\/\/www.traviesoevans.com\/travieso\/wp-json\/wp\/v2\/media?parent=2994"}],"wp:term":[{"taxonomy":"category","embeddable":true,"href":"https:\/\/www.traviesoevans.com\/travieso\/wp-json\/wp\/v2\/categories?post=2994"},{"taxonomy":"post_tag","embeddable":true,"href":"https:\/\/www.traviesoevans.com\/travieso\/wp-json\/wp\/v2\/tags?post=2994"}],"curies":[{"name":"wp","href":"https:\/\/api.w.org\/{rel}","templated":true}]}}