{"id":3001,"date":"2020-06-08T12:20:48","date_gmt":"2020-06-08T16:20:48","guid":{"rendered":"http:\/\/www.traviesoevans.com\/?p=3001"},"modified":"2022-05-09T10:25:26","modified_gmt":"2022-05-09T14:25:26","slug":"alerta-exoneracion-del-pago-de-iva-impuesto-de-importacion-y-tasa-por-determinacion-del-regimen-aduanero-jun-8-2020","status":"publish","type":"post","link":"https:\/\/www.traviesoevans.com\/travieso\/alerta-exoneracion-del-pago-de-iva-impuesto-de-importacion-y-tasa-por-determinacion-del-regimen-aduanero-jun-8-2020\/","title":{"rendered":"EXONERACI\u00d3N DEL PAGO DE IVA, IMPUESTO DE IMPORTACI\u00d3N Y TASA POR DETERMINACI\u00d3N DEL R\u00c9GIMEN ADUANERO &#8211; Jun 8 2020"},"content":{"rendered":"<p style=\"text-align: center;\"><strong><img decoding=\"async\" loading=\"lazy\" class=\"alignnone wp-image-3878 size-full\" src=\"https:\/\/www.traviesoevans.com\/travieso\/wp-content\/uploads\/2021\/03\/Alertas.jpg\" alt=\"\" width=\"815\" height=\"135\" srcset=\"https:\/\/www.traviesoevans.com\/travieso\/wp-content\/uploads\/2021\/03\/Alertas.jpg 815w, https:\/\/www.traviesoevans.com\/travieso\/wp-content\/uploads\/2021\/03\/Alertas-300x50.jpg 300w, https:\/\/www.traviesoevans.com\/travieso\/wp-content\/uploads\/2021\/03\/Alertas-768x127.jpg 768w\" sizes=\"(max-width: 815px) 100vw, 815px\" \/><\/strong><\/p>\n<p style=\"text-align: center;\"><strong><span id=\"page13R_mcid4\" class=\"markedContent\"><span dir=\"ltr\" role=\"presentation\">EXONERACI\u00d3N DEL PAGO DE IVA, IMPUESTO DE IMPORTACI\u00d3N Y TASA POR<\/span> <span dir=\"ltr\" role=\"presentation\">DETERMINACI\u00d3N DEL R\u00c9GIMEN ADUANERO<\/span><\/span><\/strong><span id=\"page13R_mcid5\" class=\"markedContent\"><\/span><span id=\"page13R_mcid6\" class=\"markedContent\"><\/span><\/p>\n<p>&nbsp;<\/p>\n<p><span id=\"page13R_mcid6\" class=\"markedContent\"><span dir=\"ltr\" role=\"presentation\">En la Gaceta Oficial No. 41.890 de fecha 29 de mayo de 2020, qued\u00f3 publicado el Decreto No. 4.220 de fecha<\/span> <span dir=\"ltr\" role=\"presentation\">29 de mayo de 2020 (el \u201cDecreto\u201d) dictado por el Presidente de la Rep\u00fablica<\/span> <span dir=\"ltr\" role=\"presentation\">y reimpreso por fallas en los<\/span> <span dir=\"ltr\" role=\"presentation\">originales en la Gaceta Oficial No. 41.896 de fecha 08 de junio de 2020, mediante el cual se exoner\u00f3 del pago<\/span> <span dir=\"ltr\" role=\"presentation\">del Impuesto al Valor Agregado, Impuesto de Importaci\u00f3n y Tasa por Determinaci\u00f3n del R\u00e9gimen Aduanero,<\/span> <span dir=\"ltr\" role=\"presentation\">as\u00ed como cualquier otro impuesto, tasa o contribuci\u00f3n aplicable de conformidad con el ordenamiento jur\u00eddico<\/span> <span dir=\"ltr\" role=\"presentation\">vigente seg\u00fan el Decreto, a las importaciones definitivas y las ventas realizadas en el territorio nacional de<\/span> <span dir=\"ltr\" role=\"presentation\">combustibles derivados de hidrocarburos, as\u00ed como los insumos y aditivos destinados al mejoramiento de la<\/span> <span dir=\"ltr\" role=\"presentation\">calidad de la gasolina, realizadas por el Estado directamente, o por empresas de su exclusiva propiedad, o por<\/span> <span dir=\"ltr\" role=\"presentation\">empresas mixtas con participaci\u00f3n del capital estatal y privado en cualquier proporci\u00f3n y por empresas privadas<\/span> <span dir=\"ltr\" role=\"presentation\">de conformidad con lo establecido en el art\u00edculo 58 de la Ley Org\u00e1nica de Hidrocarburos.<\/span><\/span><span id=\"page13R_mcid7\" class=\"markedContent\"><\/span><span id=\"page13R_mcid8\" class=\"markedContent\"><\/span><\/p>\n<p><span id=\"page13R_mcid8\" class=\"markedContent\"><span dir=\"ltr\" role=\"presentation\">Para el disfrute de la exoneraci\u00f3n establecida en el Decreto, los beneficiarios al momento de registrar su<\/span> <span dir=\"ltr\" role=\"presentation\">declaraci\u00f3n deber\u00e1n presentar ante la Oficina Aduanera respectiva, la relaci\u00f3n descriptiva de los bienes muebles<\/span> <span dir=\"ltr\" role=\"presentation\">corporales a importar, la factura comercial emitida a nombre del \u00f3rgano o ente encargado de la adquisici\u00f3n de<\/span> <span dir=\"ltr\" role=\"presentation\">los bienes muebles corporales correspondientes y el oficio de exoneraci\u00f3n del Impuesto de Importaci\u00f3n y Tasa<\/span> <span dir=\"ltr\" role=\"presentation\">por Determinaci\u00f3n del R\u00e9gimen emitido por el Servicio Nacional Integrado de Administraci\u00f3n Aduanera y<\/span><br role=\"presentation\" \/><span dir=\"ltr\" role=\"presentation\">Tributaria (\u201cSENIAT\u201d).<\/span><\/span><span id=\"page13R_mcid9\" class=\"markedContent\"><\/span><span id=\"page13R_mcid10\" class=\"markedContent\"><\/span><\/p>\n<p><span id=\"page13R_mcid10\" class=\"markedContent\"><span dir=\"ltr\" role=\"presentation\">Se except\u00faan del pago de la obligaci\u00f3n tributaria prevista en la Ley de Impuesto a las Grandes Transacciones<\/span> <span dir=\"ltr\" role=\"presentation\">Financieras, las operaciones de ventas realizadas en el territorio nacional de combustibles derivados de<\/span> <span dir=\"ltr\" role=\"presentation\">hidrocarburos, as\u00ed como los insumos y aditivos destinados al mejoramiento de la calidad de la gasolina,<\/span> <span dir=\"ltr\" role=\"presentation\">realizadas por el Estado directamente, o por empresas de su exclusiva propiedad, o por empresas mixtas con<\/span> <span dir=\"ltr\" role=\"presentation\">participaci\u00f3n del capital estatal y privado en cualquier proporci\u00f3n y por empresas privadas de conformidad con<\/span> <span dir=\"ltr\" role=\"presentation\">lo establecido en el art\u00edculo 58 de la Ley Org\u00e1nica de Hidrocarburos.<\/span><\/span><span id=\"page13R_mcid11\" class=\"markedContent\"><\/span><span id=\"page13R_mcid12\" class=\"markedContent\"><\/span><\/p>\n<p><span id=\"page13R_mcid12\" class=\"markedContent\"><span dir=\"ltr\" role=\"presentation\">El plazo m\u00e1ximo de duraci\u00f3n del beneficio de exoneraci\u00f3n establecido en el Decreto ser\u00e1 de 1 a\u00f1o contado a<\/span> <span dir=\"ltr\" role=\"presentation\">partir de la fecha de su publicaci\u00f3n en la Gaceta Oficial.<\/span><\/span><span id=\"page13R_mcid13\" class=\"markedContent\"><\/span><span id=\"page13R_mcid14\" class=\"markedContent\"><\/span><\/p>\n<p><span id=\"page13R_mcid14\" class=\"markedContent\"><span dir=\"ltr\" role=\"presentation\">El Decreto entr\u00f3 en vigencia a partir de su publicaci\u00f3n en la Gaceta Oficial.<\/span><\/span><span id=\"page13R_mcid15\" class=\"markedContent\"><\/span><\/p>\n<p><span id=\"page13R_mcid15\" class=\"markedContent\"><span dir=\"ltr\" role=\"presentation\">Para tener acceso al Decreto, haga clic<\/span><\/span><a href=\"http:\/\/www.traviesoevans.com\/memos\/GO-41896-8-JUNIO-2020-exoneracion-IVA-impuesto-importacion.pdf\" target=\"_blank\" rel=\"noopener\"><span id=\"page13R_mcid16\" class=\"markedContent\"> <span dir=\"ltr\" role=\"presentation\">aqu\u00ed<\/span><\/span><\/a><span id=\"page13R_mcid17\" class=\"markedContent\"><span dir=\"ltr\" role=\"presentation\">.<\/span><\/span><span id=\"page13R_mcid18\" class=\"markedContent\"><\/span><\/p>\n<p><span id=\"page13R_mcid18\" class=\"markedContent\"><span dir=\"ltr\" role=\"presentation\">Si tiene alguna pregunta o comentario al respecto o si requiere m\u00e1s informaci\u00f3n, por favor comun\u00edquese v\u00eda e-<\/span><span dir=\"ltr\" role=\"presentation\">mail con el socio encargado de su cuenta.<\/span><\/span><\/p>\n<p>&nbsp;<\/p>\n","protected":false},"excerpt":{"rendered":"<p>EXONERACI\u00d3N DEL PAGO DE IVA, IMPUESTO DE IMPORTACI\u00d3N Y TASA POR DETERMINACI\u00d3N DEL R\u00c9GIMEN ADUANERO &nbsp; En la Gaceta Oficial No. 41.890 de fecha 29 de mayo de 2020, qued\u00f3 publicado el Decreto No. 4.220 de fecha 29 de mayo de 2020 (el \u201cDecreto\u201d) dictado por el Presidente de la Rep\u00fablica y reimpreso por fallas&hellip;<\/p>\n","protected":false},"author":2,"featured_media":0,"comment_status":"closed","ping_status":"open","sticky":false,"template":"","format":"standard","meta":[],"categories":[95,74,127],"tags":[],"yoast_head":"<!-- This site is optimized with the Yoast SEO plugin v20.1 - https:\/\/yoast.com\/wordpress\/plugins\/seo\/ -->\n<title>EXONERACI\u00d3N DEL PAGO DE IVA, IMPUESTO DE IMPORTACI\u00d3N Y TASA POR DETERMINACI\u00d3N DEL R\u00c9GIMEN ADUANERO - Jun 8 2020 - Travieso Evans Arria &amp; Rengel<\/title>\n<meta name=\"description\" content=\"Travieso Evans Arria &amp; Rengel EXONERACI\u00d3N DEL PAGO DE IVA, IMPUESTO DE IMPORTACI\u00d3N Y TASA POR DETERMINACI\u00d3N DEL R\u00c9GIMEN ADUANERO - Jun 8 2020 Alertas\" \/>\n<meta name=\"robots\" content=\"index, follow, max-snippet:-1, max-image-preview:large, max-video-preview:-1\" \/>\n<link rel=\"canonical\" href=\"https:\/\/www.traviesoevans.com\/travieso\/alerta-exoneracion-del-pago-de-iva-impuesto-de-importacion-y-tasa-por-determinacion-del-regimen-aduanero-jun-8-2020\/\" \/>\n<meta property=\"og:locale\" content=\"es_ES\" \/>\n<meta property=\"og:type\" content=\"article\" \/>\n<meta property=\"og:title\" content=\"EXONERACI\u00d3N DEL PAGO DE IVA, IMPUESTO DE IMPORTACI\u00d3N Y TASA POR DETERMINACI\u00d3N DEL R\u00c9GIMEN ADUANERO - Jun 8 2020 - Travieso Evans Arria &amp; Rengel\" \/>\n<meta property=\"og:description\" content=\"Travieso Evans Arria &amp; Rengel EXONERACI\u00d3N DEL PAGO DE IVA, IMPUESTO DE IMPORTACI\u00d3N Y TASA POR DETERMINACI\u00d3N DEL R\u00c9GIMEN ADUANERO - Jun 8 2020 Alertas\" \/>\n<meta property=\"og:url\" content=\"https:\/\/www.traviesoevans.com\/travieso\/alerta-exoneracion-del-pago-de-iva-impuesto-de-importacion-y-tasa-por-determinacion-del-regimen-aduanero-jun-8-2020\/\" \/>\n<meta property=\"og:site_name\" content=\"Travieso Evans Arria &amp; Rengel\" \/>\n<meta property=\"article:published_time\" content=\"2020-06-08T16:20:48+00:00\" \/>\n<meta property=\"article:modified_time\" content=\"2022-05-09T14:25:26+00:00\" \/>\n<meta property=\"og:image\" content=\"https:\/\/www.traviesoevans.com\/travieso\/wp-content\/uploads\/2021\/03\/Alertas.jpg\" \/>\n<meta name=\"author\" content=\"TraviesoEvans\" \/>\n<meta name=\"twitter:card\" content=\"summary_large_image\" \/>\n<meta name=\"twitter:creator\" content=\"@traviesoevans\" \/>\n<meta name=\"twitter:site\" content=\"@traviesoevans\" \/>\n<meta name=\"twitter:label1\" content=\"Escrito por\" \/>\n\t<meta name=\"twitter:data1\" content=\"TraviesoEvans\" \/>\n\t<meta name=\"twitter:label2\" content=\"Tiempo estimado de lectura\" \/>\n\t<meta name=\"twitter:data2\" content=\"3 minutos\" \/>\n<script type=\"application\/ld+json\" class=\"yoast-schema-graph\">{\"@context\":\"https:\/\/schema.org\",\"@graph\":[{\"@type\":\"Article\",\"@id\":\"https:\/\/www.traviesoevans.com\/travieso\/alerta-exoneracion-del-pago-de-iva-impuesto-de-importacion-y-tasa-por-determinacion-del-regimen-aduanero-jun-8-2020\/#article\",\"isPartOf\":{\"@id\":\"https:\/\/www.traviesoevans.com\/travieso\/alerta-exoneracion-del-pago-de-iva-impuesto-de-importacion-y-tasa-por-determinacion-del-regimen-aduanero-jun-8-2020\/\"},\"author\":{\"name\":\"TraviesoEvans\",\"@id\":\"https:\/\/www.traviesoevans.com\/travieso\/#\/schema\/person\/ae8d8664ee7a06047479a280119e0fc0\"},\"headline\":\"EXONERACI\u00d3N DEL PAGO DE IVA, IMPUESTO DE IMPORTACI\u00d3N Y TASA POR DETERMINACI\u00d3N DEL R\u00c9GIMEN ADUANERO &#8211; Jun 8 2020\",\"datePublished\":\"2020-06-08T16:20:48+00:00\",\"dateModified\":\"2022-05-09T14:25:26+00:00\",\"mainEntityOfPage\":{\"@id\":\"https:\/\/www.traviesoevans.com\/travieso\/alerta-exoneracion-del-pago-de-iva-impuesto-de-importacion-y-tasa-por-determinacion-del-regimen-aduanero-jun-8-2020\/\"},\"wordCount\":493,\"publisher\":{\"@id\":\"https:\/\/www.traviesoevans.com\/travieso\/#organization\"},\"articleSection\":[\"2020\",\"Alertas\",\"Junio 2020\"],\"inLanguage\":\"es\"},{\"@type\":\"WebPage\",\"@id\":\"https:\/\/www.traviesoevans.com\/travieso\/alerta-exoneracion-del-pago-de-iva-impuesto-de-importacion-y-tasa-por-determinacion-del-regimen-aduanero-jun-8-2020\/\",\"url\":\"https:\/\/www.traviesoevans.com\/travieso\/alerta-exoneracion-del-pago-de-iva-impuesto-de-importacion-y-tasa-por-determinacion-del-regimen-aduanero-jun-8-2020\/\",\"name\":\"EXONERACI\u00d3N DEL PAGO DE IVA, IMPUESTO DE IMPORTACI\u00d3N Y TASA POR DETERMINACI\u00d3N DEL R\u00c9GIMEN ADUANERO - Jun 8 2020 - Travieso Evans Arria &amp; Rengel\",\"isPartOf\":{\"@id\":\"https:\/\/www.traviesoevans.com\/travieso\/#website\"},\"datePublished\":\"2020-06-08T16:20:48+00:00\",\"dateModified\":\"2022-05-09T14:25:26+00:00\",\"description\":\"Travieso Evans Arria &amp; Rengel EXONERACI\u00d3N DEL PAGO DE IVA, IMPUESTO DE IMPORTACI\u00d3N Y TASA POR DETERMINACI\u00d3N DEL R\u00c9GIMEN ADUANERO - Jun 8 2020 Alertas\",\"breadcrumb\":{\"@id\":\"https:\/\/www.traviesoevans.com\/travieso\/alerta-exoneracion-del-pago-de-iva-impuesto-de-importacion-y-tasa-por-determinacion-del-regimen-aduanero-jun-8-2020\/#breadcrumb\"},\"inLanguage\":\"es\",\"potentialAction\":[{\"@type\":\"ReadAction\",\"target\":[\"https:\/\/www.traviesoevans.com\/travieso\/alerta-exoneracion-del-pago-de-iva-impuesto-de-importacion-y-tasa-por-determinacion-del-regimen-aduanero-jun-8-2020\/\"]}]},{\"@type\":\"BreadcrumbList\",\"@id\":\"https:\/\/www.traviesoevans.com\/travieso\/alerta-exoneracion-del-pago-de-iva-impuesto-de-importacion-y-tasa-por-determinacion-del-regimen-aduanero-jun-8-2020\/#breadcrumb\",\"itemListElement\":[{\"@type\":\"ListItem\",\"position\":1,\"name\":\"Cover page\",\"item\":\"https:\/\/www.traviesoevans.com\/travieso\/\"},{\"@type\":\"ListItem\",\"position\":2,\"name\":\"EXONERACI\u00d3N DEL PAGO DE IVA, IMPUESTO DE IMPORTACI\u00d3N Y TASA POR DETERMINACI\u00d3N DEL R\u00c9GIMEN ADUANERO &#8211; Jun 8 2020\"}]},{\"@type\":\"WebSite\",\"@id\":\"https:\/\/www.traviesoevans.com\/travieso\/#website\",\"url\":\"https:\/\/www.traviesoevans.com\/travieso\/\",\"name\":\"Travieso Evans Arria & Rengel\",\"description\":\"La Firma de Abogados de Venezuela.\",\"publisher\":{\"@id\":\"https:\/\/www.traviesoevans.com\/travieso\/#organization\"},\"potentialAction\":[{\"@type\":\"SearchAction\",\"target\":{\"@type\":\"EntryPoint\",\"urlTemplate\":\"https:\/\/www.traviesoevans.com\/travieso\/?s={search_term_string}\"},\"query-input\":\"required name=search_term_string\"}],\"inLanguage\":\"es\"},{\"@type\":\"Organization\",\"@id\":\"https:\/\/www.traviesoevans.com\/travieso\/#organization\",\"name\":\"T&E Travieso Evans Arria & Rengel\",\"url\":\"https:\/\/www.traviesoevans.com\/travieso\/\",\"logo\":{\"@type\":\"ImageObject\",\"inLanguage\":\"es\",\"@id\":\"https:\/\/www.traviesoevans.com\/travieso\/#\/schema\/logo\/image\/\",\"url\":\"https:\/\/www.traviesoevans.com\/travieso\/wp-content\/uploads\/2020\/05\/logo-travieso-login.png\",\"contentUrl\":\"https:\/\/www.traviesoevans.com\/travieso\/wp-content\/uploads\/2020\/05\/logo-travieso-login.png\",\"width\":84,\"height\":84,\"caption\":\"T&E Travieso Evans Arria & Rengel\"},\"image\":{\"@id\":\"https:\/\/www.traviesoevans.com\/travieso\/#\/schema\/logo\/image\/\"},\"sameAs\":[\"https:\/\/twitter.com\/traviesoevans\",\"https:\/\/www.instagram.com\/traviesoevans\/\",\"https:\/\/www.linkedin.com\/in\/travieso-evans-800302172\/\"]},{\"@type\":\"Person\",\"@id\":\"https:\/\/www.traviesoevans.com\/travieso\/#\/schema\/person\/ae8d8664ee7a06047479a280119e0fc0\",\"name\":\"TraviesoEvans\",\"image\":{\"@type\":\"ImageObject\",\"inLanguage\":\"es\",\"@id\":\"https:\/\/www.traviesoevans.com\/travieso\/#\/schema\/person\/image\/\",\"url\":\"https:\/\/secure.gravatar.com\/avatar\/8a6bcd626f3120b138dd8c1a9b30bacf?s=96&d=mm&r=g\",\"contentUrl\":\"https:\/\/secure.gravatar.com\/avatar\/8a6bcd626f3120b138dd8c1a9b30bacf?s=96&d=mm&r=g\",\"caption\":\"TraviesoEvans\"},\"url\":\"https:\/\/www.traviesoevans.com\/travieso\/author\/traviesoevans\/\"}]}<\/script>\n<!-- \/ Yoast SEO plugin. -->","yoast_head_json":{"title":"EXONERACI\u00d3N DEL PAGO DE IVA, IMPUESTO DE IMPORTACI\u00d3N Y TASA POR DETERMINACI\u00d3N DEL R\u00c9GIMEN ADUANERO - Jun 8 2020 - Travieso Evans Arria &amp; Rengel","description":"Travieso Evans Arria &amp; Rengel EXONERACI\u00d3N DEL PAGO DE IVA, IMPUESTO DE IMPORTACI\u00d3N Y TASA POR DETERMINACI\u00d3N DEL R\u00c9GIMEN ADUANERO - Jun 8 2020 Alertas","robots":{"index":"index","follow":"follow","max-snippet":"max-snippet:-1","max-image-preview":"max-image-preview:large","max-video-preview":"max-video-preview:-1"},"canonical":"https:\/\/www.traviesoevans.com\/travieso\/alerta-exoneracion-del-pago-de-iva-impuesto-de-importacion-y-tasa-por-determinacion-del-regimen-aduanero-jun-8-2020\/","og_locale":"es_ES","og_type":"article","og_title":"EXONERACI\u00d3N DEL PAGO DE IVA, IMPUESTO DE IMPORTACI\u00d3N Y TASA POR DETERMINACI\u00d3N DEL R\u00c9GIMEN ADUANERO - Jun 8 2020 - Travieso Evans Arria &amp; Rengel","og_description":"Travieso Evans Arria &amp; Rengel EXONERACI\u00d3N DEL PAGO DE IVA, IMPUESTO DE IMPORTACI\u00d3N Y TASA POR DETERMINACI\u00d3N DEL R\u00c9GIMEN ADUANERO - Jun 8 2020 Alertas","og_url":"https:\/\/www.traviesoevans.com\/travieso\/alerta-exoneracion-del-pago-de-iva-impuesto-de-importacion-y-tasa-por-determinacion-del-regimen-aduanero-jun-8-2020\/","og_site_name":"Travieso Evans Arria &amp; Rengel","article_published_time":"2020-06-08T16:20:48+00:00","article_modified_time":"2022-05-09T14:25:26+00:00","og_image":[{"url":"https:\/\/www.traviesoevans.com\/travieso\/wp-content\/uploads\/2021\/03\/Alertas.jpg"}],"author":"TraviesoEvans","twitter_card":"summary_large_image","twitter_creator":"@traviesoevans","twitter_site":"@traviesoevans","twitter_misc":{"Escrito por":"TraviesoEvans","Tiempo estimado de lectura":"3 minutos"},"schema":{"@context":"https:\/\/schema.org","@graph":[{"@type":"Article","@id":"https:\/\/www.traviesoevans.com\/travieso\/alerta-exoneracion-del-pago-de-iva-impuesto-de-importacion-y-tasa-por-determinacion-del-regimen-aduanero-jun-8-2020\/#article","isPartOf":{"@id":"https:\/\/www.traviesoevans.com\/travieso\/alerta-exoneracion-del-pago-de-iva-impuesto-de-importacion-y-tasa-por-determinacion-del-regimen-aduanero-jun-8-2020\/"},"author":{"name":"TraviesoEvans","@id":"https:\/\/www.traviesoevans.com\/travieso\/#\/schema\/person\/ae8d8664ee7a06047479a280119e0fc0"},"headline":"EXONERACI\u00d3N DEL PAGO DE IVA, IMPUESTO DE IMPORTACI\u00d3N Y TASA POR DETERMINACI\u00d3N DEL R\u00c9GIMEN ADUANERO &#8211; Jun 8 2020","datePublished":"2020-06-08T16:20:48+00:00","dateModified":"2022-05-09T14:25:26+00:00","mainEntityOfPage":{"@id":"https:\/\/www.traviesoevans.com\/travieso\/alerta-exoneracion-del-pago-de-iva-impuesto-de-importacion-y-tasa-por-determinacion-del-regimen-aduanero-jun-8-2020\/"},"wordCount":493,"publisher":{"@id":"https:\/\/www.traviesoevans.com\/travieso\/#organization"},"articleSection":["2020","Alertas","Junio 2020"],"inLanguage":"es"},{"@type":"WebPage","@id":"https:\/\/www.traviesoevans.com\/travieso\/alerta-exoneracion-del-pago-de-iva-impuesto-de-importacion-y-tasa-por-determinacion-del-regimen-aduanero-jun-8-2020\/","url":"https:\/\/www.traviesoevans.com\/travieso\/alerta-exoneracion-del-pago-de-iva-impuesto-de-importacion-y-tasa-por-determinacion-del-regimen-aduanero-jun-8-2020\/","name":"EXONERACI\u00d3N DEL PAGO DE IVA, IMPUESTO DE IMPORTACI\u00d3N Y TASA POR DETERMINACI\u00d3N DEL R\u00c9GIMEN ADUANERO - Jun 8 2020 - Travieso Evans Arria &amp; Rengel","isPartOf":{"@id":"https:\/\/www.traviesoevans.com\/travieso\/#website"},"datePublished":"2020-06-08T16:20:48+00:00","dateModified":"2022-05-09T14:25:26+00:00","description":"Travieso Evans Arria &amp; Rengel EXONERACI\u00d3N DEL PAGO DE IVA, IMPUESTO DE IMPORTACI\u00d3N Y TASA POR DETERMINACI\u00d3N DEL R\u00c9GIMEN ADUANERO - Jun 8 2020 Alertas","breadcrumb":{"@id":"https:\/\/www.traviesoevans.com\/travieso\/alerta-exoneracion-del-pago-de-iva-impuesto-de-importacion-y-tasa-por-determinacion-del-regimen-aduanero-jun-8-2020\/#breadcrumb"},"inLanguage":"es","potentialAction":[{"@type":"ReadAction","target":["https:\/\/www.traviesoevans.com\/travieso\/alerta-exoneracion-del-pago-de-iva-impuesto-de-importacion-y-tasa-por-determinacion-del-regimen-aduanero-jun-8-2020\/"]}]},{"@type":"BreadcrumbList","@id":"https:\/\/www.traviesoevans.com\/travieso\/alerta-exoneracion-del-pago-de-iva-impuesto-de-importacion-y-tasa-por-determinacion-del-regimen-aduanero-jun-8-2020\/#breadcrumb","itemListElement":[{"@type":"ListItem","position":1,"name":"Cover page","item":"https:\/\/www.traviesoevans.com\/travieso\/"},{"@type":"ListItem","position":2,"name":"EXONERACI\u00d3N DEL PAGO DE IVA, IMPUESTO DE IMPORTACI\u00d3N Y TASA POR DETERMINACI\u00d3N DEL R\u00c9GIMEN ADUANERO &#8211; Jun 8 2020"}]},{"@type":"WebSite","@id":"https:\/\/www.traviesoevans.com\/travieso\/#website","url":"https:\/\/www.traviesoevans.com\/travieso\/","name":"Travieso Evans Arria & Rengel","description":"La Firma de Abogados de Venezuela.","publisher":{"@id":"https:\/\/www.traviesoevans.com\/travieso\/#organization"},"potentialAction":[{"@type":"SearchAction","target":{"@type":"EntryPoint","urlTemplate":"https:\/\/www.traviesoevans.com\/travieso\/?s={search_term_string}"},"query-input":"required name=search_term_string"}],"inLanguage":"es"},{"@type":"Organization","@id":"https:\/\/www.traviesoevans.com\/travieso\/#organization","name":"T&E Travieso Evans Arria & Rengel","url":"https:\/\/www.traviesoevans.com\/travieso\/","logo":{"@type":"ImageObject","inLanguage":"es","@id":"https:\/\/www.traviesoevans.com\/travieso\/#\/schema\/logo\/image\/","url":"https:\/\/www.traviesoevans.com\/travieso\/wp-content\/uploads\/2020\/05\/logo-travieso-login.png","contentUrl":"https:\/\/www.traviesoevans.com\/travieso\/wp-content\/uploads\/2020\/05\/logo-travieso-login.png","width":84,"height":84,"caption":"T&E Travieso Evans Arria & Rengel"},"image":{"@id":"https:\/\/www.traviesoevans.com\/travieso\/#\/schema\/logo\/image\/"},"sameAs":["https:\/\/twitter.com\/traviesoevans","https:\/\/www.instagram.com\/traviesoevans\/","https:\/\/www.linkedin.com\/in\/travieso-evans-800302172\/"]},{"@type":"Person","@id":"https:\/\/www.traviesoevans.com\/travieso\/#\/schema\/person\/ae8d8664ee7a06047479a280119e0fc0","name":"TraviesoEvans","image":{"@type":"ImageObject","inLanguage":"es","@id":"https:\/\/www.traviesoevans.com\/travieso\/#\/schema\/person\/image\/","url":"https:\/\/secure.gravatar.com\/avatar\/8a6bcd626f3120b138dd8c1a9b30bacf?s=96&d=mm&r=g","contentUrl":"https:\/\/secure.gravatar.com\/avatar\/8a6bcd626f3120b138dd8c1a9b30bacf?s=96&d=mm&r=g","caption":"TraviesoEvans"},"url":"https:\/\/www.traviesoevans.com\/travieso\/author\/traviesoevans\/"}]}},"_links":{"self":[{"href":"https:\/\/www.traviesoevans.com\/travieso\/wp-json\/wp\/v2\/posts\/3001"}],"collection":[{"href":"https:\/\/www.traviesoevans.com\/travieso\/wp-json\/wp\/v2\/posts"}],"about":[{"href":"https:\/\/www.traviesoevans.com\/travieso\/wp-json\/wp\/v2\/types\/post"}],"author":[{"embeddable":true,"href":"https:\/\/www.traviesoevans.com\/travieso\/wp-json\/wp\/v2\/users\/2"}],"replies":[{"embeddable":true,"href":"https:\/\/www.traviesoevans.com\/travieso\/wp-json\/wp\/v2\/comments?post=3001"}],"version-history":[{"count":4,"href":"https:\/\/www.traviesoevans.com\/travieso\/wp-json\/wp\/v2\/posts\/3001\/revisions"}],"predecessor-version":[{"id":5549,"href":"https:\/\/www.traviesoevans.com\/travieso\/wp-json\/wp\/v2\/posts\/3001\/revisions\/5549"}],"wp:attachment":[{"href":"https:\/\/www.traviesoevans.com\/travieso\/wp-json\/wp\/v2\/media?parent=3001"}],"wp:term":[{"taxonomy":"category","embeddable":true,"href":"https:\/\/www.traviesoevans.com\/travieso\/wp-json\/wp\/v2\/categories?post=3001"},{"taxonomy":"post_tag","embeddable":true,"href":"https:\/\/www.traviesoevans.com\/travieso\/wp-json\/wp\/v2\/tags?post=3001"}],"curies":[{"name":"wp","href":"https:\/\/api.w.org\/{rel}","templated":true}]}}