{"id":8114,"date":"2022-07-15T08:24:23","date_gmt":"2022-07-15T12:24:23","guid":{"rendered":"https:\/\/www.traviesoevans.com\/travieso\/?p=8114"},"modified":"2025-10-24T08:30:19","modified_gmt":"2025-10-24T12:30:19","slug":"reglamento-tecnico-de-etiquetado-de-prendas-de-vestir-textil-julio-15-2022","status":"publish","type":"post","link":"https:\/\/www.traviesoevans.com\/travieso\/reglamento-tecnico-de-etiquetado-de-prendas-de-vestir-textil-julio-15-2022\/","title":{"rendered":"REGLAMENTO T\u00c9CNICO DE ETIQUETADO DE PRENDAS DE VESTIR (TEXTIL) &#8211; Julio 15 2022"},"content":{"rendered":"<p style=\"text-align: center;\"><strong><img decoding=\"async\" loading=\"lazy\" class=\"alignnone wp-image-3878 size-full\" src=\"https:\/\/www.traviesoevans.com\/travieso\/wp-content\/uploads\/2021\/03\/Alertas.jpg\" alt=\"\" width=\"815\" height=\"135\" data-wp-editing=\"1\" srcset=\"https:\/\/www.traviesoevans.com\/travieso\/wp-content\/uploads\/2021\/03\/Alertas.jpg 815w, https:\/\/www.traviesoevans.com\/travieso\/wp-content\/uploads\/2021\/03\/Alertas-300x50.jpg 300w, https:\/\/www.traviesoevans.com\/travieso\/wp-content\/uploads\/2021\/03\/Alertas-768x127.jpg 768w\" sizes=\"(max-width: 815px) 100vw, 815px\" \/><\/strong><\/p>\n<p style=\"text-align: center;\"><strong>REGLAMENTO T\u00c9CNICO DE ETIQUETADO DE PRENDAS DE VESTIR (TEXTIL)<\/strong><\/p>\n<p>&nbsp;<\/p>\n<p style=\"text-align: justify;\">En la Gaceta Oficial No. 42.419 de fecha 15 de julio de 2022, se public\u00f3 la Resoluci\u00f3n No. 037\/2022 de fecha 21 de junio de 2022, dictada por el Ministerio del Poder Popular de Comercio Nacional, contentiva del Reglamento T\u00e9cnico de Etiquetado de Prendas de Vestir (Textil) (el \u201cReglamento T\u00e9cnico\u201d), que establece los requisitos m\u00ednimos obligatorios que debe contener el etiquetado de prendas que se importe, fabrique o se comercialice en el territorio nacional.<\/p>\n<p style=\"text-align: justify;\">A continuaci\u00f3n encontrar\u00e1 los aspectos m\u00e1s relevantes del Reglamento T\u00e9cnico:<\/p>\n<ul>\n<li style=\"text-align: justify;\">Etiquetado: Toda prenda de vestir (textil) que se fabrique o importe y se comercialice en el territorio nacional debe tener una etiqueta que contenga en idioma castellano la informaci\u00f3n especificada en el Reglamento T\u00e9cnico. Se establece informaci\u00f3n tanto para el etiquetado con fines comerciales como para el etiquetado sin fines comerciales.<\/li>\n<li style=\"text-align: justify;\">Identificaci\u00f3n: Todo fabricante nacional o importador de prendas de vestir (textil) con fines comerciales, debe expresar en la etiqueta, la composici\u00f3n en porcentaje, la relaci\u00f3n en masa, de las diferentes fibras que integran el producto en orden del predominio de dicho porcentaje, hasta completar el 100%, conforme las indicaciones que establece el Reglamento T\u00e9cnico.<\/li>\n<li style=\"text-align: justify;\">Requisitos de Etiquetado: El etiquetado debe efectuarse en el proceso de fabricaci\u00f3n o producci\u00f3n de la prenda de vestir (textil) mediante impresi\u00f3n directa o colocaci\u00f3n de etiqueta adherida de manera permanente, salvo en los productos en los cuales la fijaci\u00f3n de la etiqueta en forma directa pudiera perjudicar el uso o est\u00e9tica del mismo u ocasionar p\u00e9rdida de su valor, conforme lo estipulado en el Reglamento T\u00e9cnico.<\/li>\n<li style=\"text-align: justify;\">Registro obligatorio: Todo fabricante nacional o importador de prendas de vestir (textil) debe inscribirse en el Registro Obligatorio de Fabricantes Nacionales e Importadores de prendas de vestir (textil) (el \u201cRegistro Obligatorio\u201d) que llevar\u00e1 el Servicio Desconcentrado de Normalizaci\u00f3n, Calidad, Metrolog\u00eda y Reglamentos T\u00e9cnicos (\u201cSENCAMER\u201d).<\/li>\n<li style=\"text-align: justify;\">Constancia de Registro: Una vez efectuada la inscripci\u00f3n en el Registro Obligatorio, el SENCAMER emitir\u00e1 la Constancia de Registro Obligatorio de Fabricantes Nacionales e Importadores de prendas de vestir (textil), la cual contendr\u00e1 el n\u00famero de inscripci\u00f3n asignado y tendr\u00e1 una vigencia de un (1) a\u00f1o en el caso de etiquetado con fines comerciales y de tres (3) meses en el caso de etiquetado sin fines comerciales, en este \u00faltimo caso la constancia ser\u00e1 v\u00e1lida solo para el lote o factura de compra.<\/li>\n<li style=\"text-align: justify;\">Autoridad competente y control: El SENCAMER ser\u00e1 la autoridad competente para iniciar el procedimiento administrativo correspondiente y de ser el caso revocar la Constancia de Registro Obligatorio, en caso de incumplimiento. Igualmente, SENCAMER podr\u00e1 inspeccionar a las industrias, fabricas, empresas importadoras o a los establecimientos comerciales, a fin de verificar el cumplimiento del Reglamento T\u00e9cnico.<\/li>\n<li style=\"text-align: justify;\">Sanciones: El SENCAMER y la autoridad aduanera respectiva sancionar\u00e1n a los fabricantes o importadores que infrinjan el Reglamento T\u00e9cnico, de conformidad con la Ley del Sistema Venezolano para la Calidad.<\/li>\n<li style=\"text-align: justify;\">Responsabilidades: Los fabricantes nacionales o importadores de las prendas de vestir (textil) deben suministrar copia de la Constancia del Registro Obligatorio a todas las empresas responsables de la cadena de comercializaci\u00f3n de sus productos. Asimismo, el Reglamento T\u00e9cnico establece que el comerciante, formal o informal, debe exigir a sus proveedores, que las prendas de vestir (textil) presenten el etiquetado con la informaci\u00f3n requerida y son responsables solidarios en caso de incumplimiento.<\/li>\n<li style=\"text-align: justify;\">Prohibici\u00f3n: Se proh\u00edbe fabricar, ingresar o comercializar en el territorio nacional las prendas de vestir (textil) que no cumplan con lo dispuesto en el Reglamento T\u00e9cnico.<\/li>\n<li style=\"text-align: justify;\">Derogatoria: Se deroga la Resoluci\u00f3n Conjunta del Ministerio de Finanzas No. 1.178 y Ministerio de Producci\u00f3n y el Comercio No. 395 que establece la informaci\u00f3n m\u00ednima obligatoria que debe contener el etiquetado de todo tipo de prendas de vestir (textil) que se comercialice en el territorio nacional, publicada en la Gaceta Oficial No. 37.533 de fecha 23 de septiembre de 2002 y reimpresa por error con la Resoluci\u00f3n No. 440, publicada en la Gaceta Oficial No. 37.549 del 15 de octubre de 2002.<\/li>\n<\/ul>\n<p style=\"text-align: justify;\">La Resoluci\u00f3n entrar\u00e1 en vigencia a partir de su publicaci\u00f3n en Gaceta Oficial<\/p>\n<p style=\"text-align: justify;\">Para tener acceso al Reglamento T\u00e9cnico, haga clic <a href=\"https:\/\/www.traviesoevans.com\/travieso\/wp-content\/uploads\/gacetas\/2022\/07%20Julio\/2022-07-15-42419.pdf\" target=\"_blank\" rel=\"noopener\">aqu\u00ed<\/a>.<\/p>\n<p style=\"text-align: justify;\">Si tiene alguna pregunta o comentario al respecto o requiere m\u00e1s informaci\u00f3n, por favor comun\u00edquese v\u00eda e-mail con el socio encargado de su cuenta.<\/p>\n<p>&nbsp;<\/p>\n","protected":false},"excerpt":{"rendered":"<p>REGLAMENTO T\u00c9CNICO DE ETIQUETADO DE PRENDAS DE VESTIR (TEXTIL) &nbsp; En la Gaceta Oficial No. 42.419 de fecha 15 de julio de 2022, se public\u00f3 la Resoluci\u00f3n No. 037\/2022 de fecha 21 de junio de 2022, dictada por el Ministerio del Poder Popular de Comercio Nacional, contentiva del Reglamento T\u00e9cnico de Etiquetado de Prendas de&hellip;<\/p>\n","protected":false},"author":2,"featured_media":0,"comment_status":"closed","ping_status":"open","sticky":false,"template":"","format":"standard","meta":[],"categories":[1098,74,1126],"tags":[],"yoast_head":"<!-- This site is optimized with the Yoast SEO plugin v20.1 - https:\/\/yoast.com\/wordpress\/plugins\/seo\/ -->\n<title>REGLAMENTO T\u00c9CNICO DE ETIQUETADO DE PRENDAS DE VESTIR (TEXTIL) - Julio 15 2022 - Travieso Evans Arria &amp; Rengel<\/title>\n<meta name=\"description\" content=\"Travieso Evans Arria &amp; Rengel REGLAMENTO T\u00c9CNICO DE ETIQUETADO DE PRENDAS DE VESTIR (TEXTIL) - Julio 15 2022 Alertas\" \/>\n<meta name=\"robots\" content=\"index, follow, max-snippet:-1, max-image-preview:large, max-video-preview:-1\" \/>\n<link rel=\"canonical\" href=\"https:\/\/www.traviesoevans.com\/travieso\/reglamento-tecnico-de-etiquetado-de-prendas-de-vestir-textil-julio-15-2022\/\" \/>\n<meta property=\"og:locale\" content=\"es_ES\" \/>\n<meta property=\"og:type\" content=\"article\" \/>\n<meta property=\"og:title\" content=\"REGLAMENTO T\u00c9CNICO DE ETIQUETADO DE PRENDAS DE VESTIR (TEXTIL) - Julio 15 2022 - Travieso Evans Arria &amp; Rengel\" \/>\n<meta property=\"og:description\" content=\"Travieso Evans Arria &amp; Rengel REGLAMENTO T\u00c9CNICO DE ETIQUETADO DE PRENDAS DE VESTIR (TEXTIL) - Julio 15 2022 Alertas\" \/>\n<meta property=\"og:url\" content=\"https:\/\/www.traviesoevans.com\/travieso\/reglamento-tecnico-de-etiquetado-de-prendas-de-vestir-textil-julio-15-2022\/\" \/>\n<meta property=\"og:site_name\" content=\"Travieso Evans Arria &amp; Rengel\" \/>\n<meta property=\"article:published_time\" content=\"2022-07-15T12:24:23+00:00\" \/>\n<meta property=\"article:modified_time\" content=\"2025-10-24T12:30:19+00:00\" \/>\n<meta property=\"og:image\" content=\"https:\/\/www.traviesoevans.com\/travieso\/wp-content\/uploads\/2021\/03\/Alertas.jpg\" \/>\n<meta name=\"author\" content=\"TraviesoEvans\" \/>\n<meta name=\"twitter:card\" content=\"summary_large_image\" \/>\n<meta name=\"twitter:creator\" content=\"@traviesoevans\" \/>\n<meta name=\"twitter:site\" content=\"@traviesoevans\" \/>\n<meta name=\"twitter:label1\" content=\"Escrito por\" \/>\n\t<meta name=\"twitter:data1\" content=\"TraviesoEvans\" \/>\n\t<meta name=\"twitter:label2\" content=\"Tiempo estimado de lectura\" \/>\n\t<meta name=\"twitter:data2\" content=\"4 minutos\" \/>\n<script type=\"application\/ld+json\" class=\"yoast-schema-graph\">{\"@context\":\"https:\/\/schema.org\",\"@graph\":[{\"@type\":\"Article\",\"@id\":\"https:\/\/www.traviesoevans.com\/travieso\/reglamento-tecnico-de-etiquetado-de-prendas-de-vestir-textil-julio-15-2022\/#article\",\"isPartOf\":{\"@id\":\"https:\/\/www.traviesoevans.com\/travieso\/reglamento-tecnico-de-etiquetado-de-prendas-de-vestir-textil-julio-15-2022\/\"},\"author\":{\"name\":\"TraviesoEvans\",\"@id\":\"https:\/\/www.traviesoevans.com\/travieso\/#\/schema\/person\/ae8d8664ee7a06047479a280119e0fc0\"},\"headline\":\"REGLAMENTO T\u00c9CNICO DE ETIQUETADO DE PRENDAS DE VESTIR (TEXTIL) &#8211; Julio 15 2022\",\"datePublished\":\"2022-07-15T12:24:23+00:00\",\"dateModified\":\"2025-10-24T12:30:19+00:00\",\"mainEntityOfPage\":{\"@id\":\"https:\/\/www.traviesoevans.com\/travieso\/reglamento-tecnico-de-etiquetado-de-prendas-de-vestir-textil-julio-15-2022\/\"},\"wordCount\":751,\"publisher\":{\"@id\":\"https:\/\/www.traviesoevans.com\/travieso\/#organization\"},\"articleSection\":[\"2022\",\"Alertas\",\"Julio 2022\"],\"inLanguage\":\"es\"},{\"@type\":\"WebPage\",\"@id\":\"https:\/\/www.traviesoevans.com\/travieso\/reglamento-tecnico-de-etiquetado-de-prendas-de-vestir-textil-julio-15-2022\/\",\"url\":\"https:\/\/www.traviesoevans.com\/travieso\/reglamento-tecnico-de-etiquetado-de-prendas-de-vestir-textil-julio-15-2022\/\",\"name\":\"REGLAMENTO T\u00c9CNICO DE ETIQUETADO DE PRENDAS DE VESTIR (TEXTIL) - Julio 15 2022 - Travieso Evans Arria &amp; Rengel\",\"isPartOf\":{\"@id\":\"https:\/\/www.traviesoevans.com\/travieso\/#website\"},\"datePublished\":\"2022-07-15T12:24:23+00:00\",\"dateModified\":\"2025-10-24T12:30:19+00:00\",\"description\":\"Travieso Evans Arria &amp; Rengel REGLAMENTO T\u00c9CNICO DE ETIQUETADO DE PRENDAS DE VESTIR (TEXTIL) - Julio 15 2022 Alertas\",\"breadcrumb\":{\"@id\":\"https:\/\/www.traviesoevans.com\/travieso\/reglamento-tecnico-de-etiquetado-de-prendas-de-vestir-textil-julio-15-2022\/#breadcrumb\"},\"inLanguage\":\"es\",\"potentialAction\":[{\"@type\":\"ReadAction\",\"target\":[\"https:\/\/www.traviesoevans.com\/travieso\/reglamento-tecnico-de-etiquetado-de-prendas-de-vestir-textil-julio-15-2022\/\"]}]},{\"@type\":\"BreadcrumbList\",\"@id\":\"https:\/\/www.traviesoevans.com\/travieso\/reglamento-tecnico-de-etiquetado-de-prendas-de-vestir-textil-julio-15-2022\/#breadcrumb\",\"itemListElement\":[{\"@type\":\"ListItem\",\"position\":1,\"name\":\"Cover page\",\"item\":\"https:\/\/www.traviesoevans.com\/travieso\/\"},{\"@type\":\"ListItem\",\"position\":2,\"name\":\"REGLAMENTO T\u00c9CNICO DE ETIQUETADO DE PRENDAS DE VESTIR (TEXTIL) &#8211; Julio 15 2022\"}]},{\"@type\":\"WebSite\",\"@id\":\"https:\/\/www.traviesoevans.com\/travieso\/#website\",\"url\":\"https:\/\/www.traviesoevans.com\/travieso\/\",\"name\":\"Travieso Evans Arria & Rengel\",\"description\":\"La Firma de Abogados de Venezuela.\",\"publisher\":{\"@id\":\"https:\/\/www.traviesoevans.com\/travieso\/#organization\"},\"potentialAction\":[{\"@type\":\"SearchAction\",\"target\":{\"@type\":\"EntryPoint\",\"urlTemplate\":\"https:\/\/www.traviesoevans.com\/travieso\/?s={search_term_string}\"},\"query-input\":\"required name=search_term_string\"}],\"inLanguage\":\"es\"},{\"@type\":\"Organization\",\"@id\":\"https:\/\/www.traviesoevans.com\/travieso\/#organization\",\"name\":\"T&E Travieso Evans Arria & Rengel\",\"url\":\"https:\/\/www.traviesoevans.com\/travieso\/\",\"logo\":{\"@type\":\"ImageObject\",\"inLanguage\":\"es\",\"@id\":\"https:\/\/www.traviesoevans.com\/travieso\/#\/schema\/logo\/image\/\",\"url\":\"https:\/\/www.traviesoevans.com\/travieso\/wp-content\/uploads\/2020\/05\/logo-travieso-login.png\",\"contentUrl\":\"https:\/\/www.traviesoevans.com\/travieso\/wp-content\/uploads\/2020\/05\/logo-travieso-login.png\",\"width\":84,\"height\":84,\"caption\":\"T&E Travieso Evans Arria & Rengel\"},\"image\":{\"@id\":\"https:\/\/www.traviesoevans.com\/travieso\/#\/schema\/logo\/image\/\"},\"sameAs\":[\"https:\/\/twitter.com\/traviesoevans\",\"https:\/\/www.instagram.com\/traviesoevans\/\",\"https:\/\/www.linkedin.com\/in\/travieso-evans-800302172\/\"]},{\"@type\":\"Person\",\"@id\":\"https:\/\/www.traviesoevans.com\/travieso\/#\/schema\/person\/ae8d8664ee7a06047479a280119e0fc0\",\"name\":\"TraviesoEvans\",\"image\":{\"@type\":\"ImageObject\",\"inLanguage\":\"es\",\"@id\":\"https:\/\/www.traviesoevans.com\/travieso\/#\/schema\/person\/image\/\",\"url\":\"https:\/\/secure.gravatar.com\/avatar\/8a6bcd626f3120b138dd8c1a9b30bacf?s=96&d=mm&r=g\",\"contentUrl\":\"https:\/\/secure.gravatar.com\/avatar\/8a6bcd626f3120b138dd8c1a9b30bacf?s=96&d=mm&r=g\",\"caption\":\"TraviesoEvans\"},\"url\":\"https:\/\/www.traviesoevans.com\/travieso\/author\/traviesoevans\/\"}]}<\/script>\n<!-- \/ Yoast SEO plugin. -->","yoast_head_json":{"title":"REGLAMENTO T\u00c9CNICO DE ETIQUETADO DE PRENDAS DE VESTIR (TEXTIL) - Julio 15 2022 - Travieso Evans Arria &amp; Rengel","description":"Travieso Evans Arria &amp; Rengel REGLAMENTO T\u00c9CNICO DE ETIQUETADO DE PRENDAS DE VESTIR (TEXTIL) - Julio 15 2022 Alertas","robots":{"index":"index","follow":"follow","max-snippet":"max-snippet:-1","max-image-preview":"max-image-preview:large","max-video-preview":"max-video-preview:-1"},"canonical":"https:\/\/www.traviesoevans.com\/travieso\/reglamento-tecnico-de-etiquetado-de-prendas-de-vestir-textil-julio-15-2022\/","og_locale":"es_ES","og_type":"article","og_title":"REGLAMENTO T\u00c9CNICO DE ETIQUETADO DE PRENDAS DE VESTIR (TEXTIL) - Julio 15 2022 - Travieso Evans Arria &amp; Rengel","og_description":"Travieso Evans Arria &amp; Rengel REGLAMENTO T\u00c9CNICO DE ETIQUETADO DE PRENDAS DE VESTIR (TEXTIL) - Julio 15 2022 Alertas","og_url":"https:\/\/www.traviesoevans.com\/travieso\/reglamento-tecnico-de-etiquetado-de-prendas-de-vestir-textil-julio-15-2022\/","og_site_name":"Travieso Evans Arria &amp; Rengel","article_published_time":"2022-07-15T12:24:23+00:00","article_modified_time":"2025-10-24T12:30:19+00:00","og_image":[{"url":"https:\/\/www.traviesoevans.com\/travieso\/wp-content\/uploads\/2021\/03\/Alertas.jpg"}],"author":"TraviesoEvans","twitter_card":"summary_large_image","twitter_creator":"@traviesoevans","twitter_site":"@traviesoevans","twitter_misc":{"Escrito por":"TraviesoEvans","Tiempo estimado de lectura":"4 minutos"},"schema":{"@context":"https:\/\/schema.org","@graph":[{"@type":"Article","@id":"https:\/\/www.traviesoevans.com\/travieso\/reglamento-tecnico-de-etiquetado-de-prendas-de-vestir-textil-julio-15-2022\/#article","isPartOf":{"@id":"https:\/\/www.traviesoevans.com\/travieso\/reglamento-tecnico-de-etiquetado-de-prendas-de-vestir-textil-julio-15-2022\/"},"author":{"name":"TraviesoEvans","@id":"https:\/\/www.traviesoevans.com\/travieso\/#\/schema\/person\/ae8d8664ee7a06047479a280119e0fc0"},"headline":"REGLAMENTO T\u00c9CNICO DE ETIQUETADO DE PRENDAS DE VESTIR (TEXTIL) &#8211; Julio 15 2022","datePublished":"2022-07-15T12:24:23+00:00","dateModified":"2025-10-24T12:30:19+00:00","mainEntityOfPage":{"@id":"https:\/\/www.traviesoevans.com\/travieso\/reglamento-tecnico-de-etiquetado-de-prendas-de-vestir-textil-julio-15-2022\/"},"wordCount":751,"publisher":{"@id":"https:\/\/www.traviesoevans.com\/travieso\/#organization"},"articleSection":["2022","Alertas","Julio 2022"],"inLanguage":"es"},{"@type":"WebPage","@id":"https:\/\/www.traviesoevans.com\/travieso\/reglamento-tecnico-de-etiquetado-de-prendas-de-vestir-textil-julio-15-2022\/","url":"https:\/\/www.traviesoevans.com\/travieso\/reglamento-tecnico-de-etiquetado-de-prendas-de-vestir-textil-julio-15-2022\/","name":"REGLAMENTO T\u00c9CNICO DE ETIQUETADO DE PRENDAS DE VESTIR (TEXTIL) - Julio 15 2022 - Travieso Evans Arria &amp; Rengel","isPartOf":{"@id":"https:\/\/www.traviesoevans.com\/travieso\/#website"},"datePublished":"2022-07-15T12:24:23+00:00","dateModified":"2025-10-24T12:30:19+00:00","description":"Travieso Evans Arria &amp; Rengel REGLAMENTO T\u00c9CNICO DE ETIQUETADO DE PRENDAS DE VESTIR (TEXTIL) - Julio 15 2022 Alertas","breadcrumb":{"@id":"https:\/\/www.traviesoevans.com\/travieso\/reglamento-tecnico-de-etiquetado-de-prendas-de-vestir-textil-julio-15-2022\/#breadcrumb"},"inLanguage":"es","potentialAction":[{"@type":"ReadAction","target":["https:\/\/www.traviesoevans.com\/travieso\/reglamento-tecnico-de-etiquetado-de-prendas-de-vestir-textil-julio-15-2022\/"]}]},{"@type":"BreadcrumbList","@id":"https:\/\/www.traviesoevans.com\/travieso\/reglamento-tecnico-de-etiquetado-de-prendas-de-vestir-textil-julio-15-2022\/#breadcrumb","itemListElement":[{"@type":"ListItem","position":1,"name":"Cover page","item":"https:\/\/www.traviesoevans.com\/travieso\/"},{"@type":"ListItem","position":2,"name":"REGLAMENTO T\u00c9CNICO DE ETIQUETADO DE PRENDAS DE VESTIR (TEXTIL) &#8211; Julio 15 2022"}]},{"@type":"WebSite","@id":"https:\/\/www.traviesoevans.com\/travieso\/#website","url":"https:\/\/www.traviesoevans.com\/travieso\/","name":"Travieso Evans Arria & Rengel","description":"La Firma de Abogados de Venezuela.","publisher":{"@id":"https:\/\/www.traviesoevans.com\/travieso\/#organization"},"potentialAction":[{"@type":"SearchAction","target":{"@type":"EntryPoint","urlTemplate":"https:\/\/www.traviesoevans.com\/travieso\/?s={search_term_string}"},"query-input":"required name=search_term_string"}],"inLanguage":"es"},{"@type":"Organization","@id":"https:\/\/www.traviesoevans.com\/travieso\/#organization","name":"T&E Travieso Evans Arria & Rengel","url":"https:\/\/www.traviesoevans.com\/travieso\/","logo":{"@type":"ImageObject","inLanguage":"es","@id":"https:\/\/www.traviesoevans.com\/travieso\/#\/schema\/logo\/image\/","url":"https:\/\/www.traviesoevans.com\/travieso\/wp-content\/uploads\/2020\/05\/logo-travieso-login.png","contentUrl":"https:\/\/www.traviesoevans.com\/travieso\/wp-content\/uploads\/2020\/05\/logo-travieso-login.png","width":84,"height":84,"caption":"T&E Travieso Evans Arria & Rengel"},"image":{"@id":"https:\/\/www.traviesoevans.com\/travieso\/#\/schema\/logo\/image\/"},"sameAs":["https:\/\/twitter.com\/traviesoevans","https:\/\/www.instagram.com\/traviesoevans\/","https:\/\/www.linkedin.com\/in\/travieso-evans-800302172\/"]},{"@type":"Person","@id":"https:\/\/www.traviesoevans.com\/travieso\/#\/schema\/person\/ae8d8664ee7a06047479a280119e0fc0","name":"TraviesoEvans","image":{"@type":"ImageObject","inLanguage":"es","@id":"https:\/\/www.traviesoevans.com\/travieso\/#\/schema\/person\/image\/","url":"https:\/\/secure.gravatar.com\/avatar\/8a6bcd626f3120b138dd8c1a9b30bacf?s=96&d=mm&r=g","contentUrl":"https:\/\/secure.gravatar.com\/avatar\/8a6bcd626f3120b138dd8c1a9b30bacf?s=96&d=mm&r=g","caption":"TraviesoEvans"},"url":"https:\/\/www.traviesoevans.com\/travieso\/author\/traviesoevans\/"}]}},"_links":{"self":[{"href":"https:\/\/www.traviesoevans.com\/travieso\/wp-json\/wp\/v2\/posts\/8114"}],"collection":[{"href":"https:\/\/www.traviesoevans.com\/travieso\/wp-json\/wp\/v2\/posts"}],"about":[{"href":"https:\/\/www.traviesoevans.com\/travieso\/wp-json\/wp\/v2\/types\/post"}],"author":[{"embeddable":true,"href":"https:\/\/www.traviesoevans.com\/travieso\/wp-json\/wp\/v2\/users\/2"}],"replies":[{"embeddable":true,"href":"https:\/\/www.traviesoevans.com\/travieso\/wp-json\/wp\/v2\/comments?post=8114"}],"version-history":[{"count":4,"href":"https:\/\/www.traviesoevans.com\/travieso\/wp-json\/wp\/v2\/posts\/8114\/revisions"}],"predecessor-version":[{"id":8118,"href":"https:\/\/www.traviesoevans.com\/travieso\/wp-json\/wp\/v2\/posts\/8114\/revisions\/8118"}],"wp:attachment":[{"href":"https:\/\/www.traviesoevans.com\/travieso\/wp-json\/wp\/v2\/media?parent=8114"}],"wp:term":[{"taxonomy":"category","embeddable":true,"href":"https:\/\/www.traviesoevans.com\/travieso\/wp-json\/wp\/v2\/categories?post=8114"},{"taxonomy":"post_tag","embeddable":true,"href":"https:\/\/www.traviesoevans.com\/travieso\/wp-json\/wp\/v2\/tags?post=8114"}],"curies":[{"name":"wp","href":"https:\/\/api.w.org\/{rel}","templated":true}]}}